{"id":91901,"date":"2012-07-25T23:00:07","date_gmt":"2012-07-25T21:00:07","guid":{"rendered":"https:\/\/blog.alrisha.at\/blog\/?p=91901"},"modified":"2021-08-31T05:43:49","modified_gmt":"2021-08-31T03:43:49","slug":"elaphiten-der-sueden-kroatiens-teil-1","status":"publish","type":"post","link":"https:\/\/blog.alrisha.at\/blog\/2012\/07\/25\/elaphiten-der-sueden-kroatiens-teil-1\/","title":{"rendered":"Elaphiten &#8211; der S\u00fcden Kroatiens &#8211; Teil 1"},"content":{"rendered":"<div id=\"attachment_91933\" style=\"width: 210px\" class=\"wp-caption alignleft\"><a href=\"https:\/\/blog.alrisha.at\/blog\/wp-content\/uploads\/2032\/07\/Urlaub_201207_616.jpg\"><img decoding=\"async\" aria-describedby=\"caption-attachment-91933\" data-attachment-id=\"91933\" data-permalink=\"https:\/\/blog.alrisha.at\/blog\/2012\/07\/25\/elaphiten-der-sueden-kroatiens-teil-1\/urlaub_201207_616\/\" data-orig-file=\"https:\/\/blog.alrisha.at\/blog\/wp-content\/uploads\/2032\/07\/Urlaub_201207_616.jpg\" data-orig-size=\"683,1024\" data-comments-opened=\"1\" data-image-meta=\"{&quot;aperture&quot;:&quot;9&quot;,&quot;credit&quot;:&quot;&quot;,&quot;camera&quot;:&quot;Canon EOS 500D&quot;,&quot;caption&quot;:&quot;&quot;,&quot;created_timestamp&quot;:&quot;1342814382&quot;,&quot;copyright&quot;:&quot;&quot;,&quot;focal_length&quot;:&quot;33&quot;,&quot;iso&quot;:&quot;100&quot;,&quot;shutter_speed&quot;:&quot;0.01&quot;,&quot;title&quot;:&quot;&quot;,&quot;orientation&quot;:&quot;0&quot;}\" data-image-title=\"Urlaub_201207_616\" data-image-description=\"\" data-image-caption=\"\" data-large-file=\"https:\/\/blog.alrisha.at\/blog\/wp-content\/uploads\/2032\/07\/Urlaub_201207_616.jpg\" class=\"wp-image-91933 size-medium\" src=\"https:\/\/blog.alrisha.at\/blog\/wp-content\/uploads\/2032\/07\/Urlaub_201207_616-200x300.jpg\" alt=\"\" width=\"200\" height=\"300\" srcset=\"https:\/\/blog.alrisha.at\/blog\/wp-content\/uploads\/2032\/07\/Urlaub_201207_616-200x300.jpg 200w, https:\/\/blog.alrisha.at\/blog\/wp-content\/uploads\/2032\/07\/Urlaub_201207_616-624x936.jpg 624w, https:\/\/blog.alrisha.at\/blog\/wp-content\/uploads\/2032\/07\/Urlaub_201207_616.jpg 683w\" sizes=\"(max-width: 200px) 100vw, 200px\" \/><\/a><p id=\"caption-attachment-91933\" class=\"wp-caption-text\">Brigitte, schon entspannt<\/p><\/div>\n<p>Es waren turbulente 3 Wochen, Brigitte erfuhr dass sie nach AVRAG in eine neue Firma \u00fcbernommen wird. Die Vorstellung der neuen Firma, der neuen Chefin und des neuen Arbeitsplatzes und der noch nicht ausgestandene Kampf nach Altersteilzeit und Teleworking hat Brigitte sehr mitgenommen. Aber am Freitag werden noch die letzten Vorbereitungen f\u00fcr den Urlaub getroffen. Es werden noch Himbeeren und Ribisel gebrockt und alle Utensilien (Bier, Essen, \u2026) ins Auto verladen. Was soll ich sagen, es ist wie immer randvoll. Die Fahrt verl\u00e4uft trotz Ferienbeginn ertr\u00e4glich, nat\u00fcrlich hat es auf der Fahrt wieder geregnet. Erst sp\u00e4t am Abend kommen sie zu mir und bringen mal die wichtigsten Dinge mit.<\/p>\n<p>&nbsp;<\/p>\n<p>&nbsp;<\/p>\n<div id=\"attachment_91935\" style=\"width: 310px\" class=\"wp-caption alignright\"><a href=\"https:\/\/blog.alrisha.at\/blog\/wp-content\/uploads\/2032\/07\/Urlaub_201207_653.jpg\"><img decoding=\"async\" aria-describedby=\"caption-attachment-91935\" data-attachment-id=\"91935\" data-permalink=\"https:\/\/blog.alrisha.at\/blog\/2012\/07\/25\/elaphiten-der-sueden-kroatiens-teil-1\/urlaub_201207_653-2\/\" data-orig-file=\"https:\/\/blog.alrisha.at\/blog\/wp-content\/uploads\/2032\/07\/Urlaub_201207_653.jpg\" data-orig-size=\"1024,683\" data-comments-opened=\"1\" data-image-meta=\"{&quot;aperture&quot;:&quot;6.3&quot;,&quot;credit&quot;:&quot;&quot;,&quot;camera&quot;:&quot;Canon EOS 500D&quot;,&quot;caption&quot;:&quot;&quot;,&quot;created_timestamp&quot;:&quot;1342857254&quot;,&quot;copyright&quot;:&quot;&quot;,&quot;focal_length&quot;:&quot;221&quot;,&quot;iso&quot;:&quot;100&quot;,&quot;shutter_speed&quot;:&quot;0.004&quot;,&quot;title&quot;:&quot;&quot;,&quot;orientation&quot;:&quot;0&quot;}\" data-image-title=\"Urlaub_201207_653\" data-image-description=\"\" data-image-caption=\"\" data-large-file=\"https:\/\/blog.alrisha.at\/blog\/wp-content\/uploads\/2032\/07\/Urlaub_201207_653.jpg\" class=\"wp-image-91935 size-medium\" src=\"https:\/\/blog.alrisha.at\/blog\/wp-content\/uploads\/2032\/07\/Urlaub_201207_653-300x200.jpg\" alt=\"\" width=\"300\" height=\"200\" srcset=\"https:\/\/blog.alrisha.at\/blog\/wp-content\/uploads\/2032\/07\/Urlaub_201207_653-300x200.jpg 300w, https:\/\/blog.alrisha.at\/blog\/wp-content\/uploads\/2032\/07\/Urlaub_201207_653-624x416.jpg 624w, https:\/\/blog.alrisha.at\/blog\/wp-content\/uploads\/2032\/07\/Urlaub_201207_653.jpg 1024w\" sizes=\"(max-width: 300px) 100vw, 300px\" \/><\/a><p id=\"caption-attachment-91935\" class=\"wp-caption-text\">ich, in den Kornaten<\/p><\/div>\n<p>Gleich nach dem Kaffee beginnt Ferry mir den neuen Windmesser einzubauen und alles funktioniert wieder. Das NMEA kann er nicht einbauen, da kennt er sich zu wenig aus, aber mein Schapp in der achteren Steuerbord Kabine leimt er mir wieder. Nach und nach werden Bier, Essen und Wasser an Bord geschafft. Alles wird verstaut. Brigitte f\u00fcllt noch meine Wassertanks voll und einem Spaziergang nach Aquileia bei 35 Grad im Schatten steht nichts mehr im Weg. Dieses Wochenende ist n\u00e4mlich\u00a0<a href=\"https:\/\/wp.me\/p5ztay-nTO\" target=\"_blank\" rel=\"noopener\">Tempora in Aquileia.<\/a> Brigitte nimmt ihren neuen Rucksack f\u00fcr ihre Fotoausr\u00fcstung mit. Neu im Gep\u00e4ck ist ein Teleobjektiv 70-300.<\/p>\n<p><a href=\"https:\/\/blog.alrisha.at\/blog\/wp-content\/uploads\/2032\/07\/Urlaub_201207_005.jpg\"><img decoding=\"async\" data-attachment-id=\"91936\" data-permalink=\"https:\/\/blog.alrisha.at\/blog\/2012\/07\/25\/elaphiten-der-sueden-kroatiens-teil-1\/urlaub_201207_005\/\" data-orig-file=\"https:\/\/blog.alrisha.at\/blog\/wp-content\/uploads\/2032\/07\/Urlaub_201207_005.jpg\" data-orig-size=\"1024,683\" data-comments-opened=\"1\" data-image-meta=\"{&quot;aperture&quot;:&quot;5.6&quot;,&quot;credit&quot;:&quot;&quot;,&quot;camera&quot;:&quot;Canon EOS 500D&quot;,&quot;caption&quot;:&quot;&quot;,&quot;created_timestamp&quot;:&quot;1341179738&quot;,&quot;copyright&quot;:&quot;&quot;,&quot;focal_length&quot;:&quot;88&quot;,&quot;iso&quot;:&quot;1600&quot;,&quot;shutter_speed&quot;:&quot;0.0666666666667&quot;,&quot;title&quot;:&quot;&quot;,&quot;orientation&quot;:&quot;0&quot;}\" data-image-title=\"Urlaub_201207_005\" data-image-description=\"\" data-image-caption=\"\" data-large-file=\"https:\/\/blog.alrisha.at\/blog\/wp-content\/uploads\/2032\/07\/Urlaub_201207_005.jpg\" class=\"size-medium wp-image-91936 alignleft\" src=\"https:\/\/blog.alrisha.at\/blog\/wp-content\/uploads\/2032\/07\/Urlaub_201207_005-300x200.jpg\" alt=\"\" width=\"300\" height=\"200\" srcset=\"https:\/\/blog.alrisha.at\/blog\/wp-content\/uploads\/2032\/07\/Urlaub_201207_005-300x200.jpg 300w, https:\/\/blog.alrisha.at\/blog\/wp-content\/uploads\/2032\/07\/Urlaub_201207_005-624x416.jpg 624w, https:\/\/blog.alrisha.at\/blog\/wp-content\/uploads\/2032\/07\/Urlaub_201207_005.jpg 1024w\" sizes=\"(max-width: 300px) 100vw, 300px\" \/><\/a><\/p>\n<p>&nbsp;<\/p>\n<p>Am Sonntag nach dem\u00a0Fest, geht es bei wenig Wind und der wird noch von meinem Bug geteilt Richtung Umag zum Einklarieren und mit Wachen von 3 Stunden geht es bis in die Kornaten.<\/p>\n<p>&nbsp;<\/p>\n<p><a href=\"https:\/\/blog.alrisha.at\/blog\/wp-content\/uploads\/2032\/07\/Urlaub_201207_029.jpg\"><img decoding=\"async\" data-attachment-id=\"91937\" data-permalink=\"https:\/\/blog.alrisha.at\/blog\/2012\/07\/25\/elaphiten-der-sueden-kroatiens-teil-1\/urlaub_201207_029\/\" data-orig-file=\"https:\/\/blog.alrisha.at\/blog\/wp-content\/uploads\/2032\/07\/Urlaub_201207_029.jpg\" data-orig-size=\"1024,683\" data-comments-opened=\"1\" data-image-meta=\"{&quot;aperture&quot;:&quot;9&quot;,&quot;credit&quot;:&quot;&quot;,&quot;camera&quot;:&quot;Canon EOS 500D&quot;,&quot;caption&quot;:&quot;&quot;,&quot;created_timestamp&quot;:&quot;1341249535&quot;,&quot;copyright&quot;:&quot;&quot;,&quot;focal_length&quot;:&quot;100&quot;,&quot;iso&quot;:&quot;100&quot;,&quot;shutter_speed&quot;:&quot;0.004&quot;,&quot;title&quot;:&quot;&quot;,&quot;orientation&quot;:&quot;0&quot;}\" data-image-title=\"Urlaub_201207_029\" data-image-description=\"\" data-image-caption=\"\" data-large-file=\"https:\/\/blog.alrisha.at\/blog\/wp-content\/uploads\/2032\/07\/Urlaub_201207_029.jpg\" class=\"size-medium wp-image-91937 alignright\" src=\"https:\/\/blog.alrisha.at\/blog\/wp-content\/uploads\/2032\/07\/Urlaub_201207_029-300x200.jpg\" alt=\"\" width=\"300\" height=\"200\" srcset=\"https:\/\/blog.alrisha.at\/blog\/wp-content\/uploads\/2032\/07\/Urlaub_201207_029-300x200.jpg 300w, https:\/\/blog.alrisha.at\/blog\/wp-content\/uploads\/2032\/07\/Urlaub_201207_029-624x416.jpg 624w, https:\/\/blog.alrisha.at\/blog\/wp-content\/uploads\/2032\/07\/Urlaub_201207_029.jpg 1024w\" sizes=\"(max-width: 300px) 100vw, 300px\" \/><\/a><\/p>\n<p>&nbsp;<\/p>\n<p>Ab Dugi Otok k\u00f6nnen wir ein wenig segeln &#8211; nat\u00fcrlich eine Kreuz. Sie \u00fcbernachten in einer der ersten Buchten in den Kornaten. Leider sind sie etwas zu fr\u00fch dran und so m\u00fcssen sie ihr Tagesticket abgeben.<\/p>\n<p>&nbsp;<\/p>\n<p>&nbsp;<\/p>\n<div id=\"attachment_91938\" style=\"width: 310px\" class=\"wp-caption alignleft\"><a href=\"https:\/\/blog.alrisha.at\/blog\/wp-content\/uploads\/2032\/07\/Urlaub_201207_096.jpg\"><img decoding=\"async\" aria-describedby=\"caption-attachment-91938\" data-attachment-id=\"91938\" data-permalink=\"https:\/\/blog.alrisha.at\/blog\/2012\/07\/25\/elaphiten-der-sueden-kroatiens-teil-1\/urlaub_201207_096\/\" data-orig-file=\"https:\/\/blog.alrisha.at\/blog\/wp-content\/uploads\/2032\/07\/Urlaub_201207_096.jpg\" data-orig-size=\"1024,683\" data-comments-opened=\"1\" data-image-meta=\"{&quot;aperture&quot;:&quot;8&quot;,&quot;credit&quot;:&quot;&quot;,&quot;camera&quot;:&quot;Canon EOS 500D&quot;,&quot;caption&quot;:&quot;&quot;,&quot;created_timestamp&quot;:&quot;1341317708&quot;,&quot;copyright&quot;:&quot;&quot;,&quot;focal_length&quot;:&quot;300&quot;,&quot;iso&quot;:&quot;100&quot;,&quot;shutter_speed&quot;:&quot;0.002&quot;,&quot;title&quot;:&quot;&quot;,&quot;orientation&quot;:&quot;0&quot;}\" data-image-title=\"Urlaub_201207_096\" data-image-description=\"\" data-image-caption=\"\" data-large-file=\"https:\/\/blog.alrisha.at\/blog\/wp-content\/uploads\/2032\/07\/Urlaub_201207_096.jpg\" class=\"wp-image-91938 size-medium\" src=\"https:\/\/blog.alrisha.at\/blog\/wp-content\/uploads\/2032\/07\/Urlaub_201207_096-300x200.jpg\" alt=\"\" width=\"300\" height=\"200\" srcset=\"https:\/\/blog.alrisha.at\/blog\/wp-content\/uploads\/2032\/07\/Urlaub_201207_096-300x200.jpg 300w, https:\/\/blog.alrisha.at\/blog\/wp-content\/uploads\/2032\/07\/Urlaub_201207_096-624x416.jpg 624w, https:\/\/blog.alrisha.at\/blog\/wp-content\/uploads\/2032\/07\/Urlaub_201207_096.jpg 1024w\" sizes=\"(max-width: 300px) 100vw, 300px\" \/><\/a><p id=\"caption-attachment-91938\" class=\"wp-caption-text\">Kornaten<\/p><\/div>\n<p>&nbsp;<\/p>\n<p>Am n\u00e4chsten Tag fahren sie gem\u00fctlich alle Buchten in den Kornaten ab. Am Ende der \u00fcber 80 umfassenden Inselwelt k\u00f6nnen sie Segel setzen. Ab dem Festland ist es dann eine Kreuz und die ganze Nacht l\u00e4uft wieder der Motor.<\/p>\n<p>&nbsp;<\/p>\n<p>&nbsp;<\/p>\n<div id=\"attachment_91939\" style=\"width: 310px\" class=\"wp-caption alignright\"><a href=\"https:\/\/blog.alrisha.at\/blog\/wp-content\/uploads\/2032\/07\/Urlaub_201207_148.jpg\"><img decoding=\"async\" aria-describedby=\"caption-attachment-91939\" data-attachment-id=\"91939\" data-permalink=\"https:\/\/blog.alrisha.at\/blog\/2012\/07\/25\/elaphiten-der-sueden-kroatiens-teil-1\/urlaub_201207_148\/\" data-orig-file=\"https:\/\/blog.alrisha.at\/blog\/wp-content\/uploads\/2032\/07\/Urlaub_201207_148.jpg\" data-orig-size=\"1024,683\" data-comments-opened=\"1\" data-image-meta=\"{&quot;aperture&quot;:&quot;8&quot;,&quot;credit&quot;:&quot;&quot;,&quot;camera&quot;:&quot;Canon EOS 500D&quot;,&quot;caption&quot;:&quot;&quot;,&quot;created_timestamp&quot;:&quot;1341320102&quot;,&quot;copyright&quot;:&quot;&quot;,&quot;focal_length&quot;:&quot;300&quot;,&quot;iso&quot;:&quot;100&quot;,&quot;shutter_speed&quot;:&quot;0.002&quot;,&quot;title&quot;:&quot;&quot;,&quot;orientation&quot;:&quot;0&quot;}\" data-image-title=\"Urlaub_201207_148\" data-image-description=\"\" data-image-caption=\"\" data-large-file=\"https:\/\/blog.alrisha.at\/blog\/wp-content\/uploads\/2032\/07\/Urlaub_201207_148.jpg\" class=\"wp-image-91939 size-medium\" src=\"https:\/\/blog.alrisha.at\/blog\/wp-content\/uploads\/2032\/07\/Urlaub_201207_148-300x200.jpg\" alt=\"\" width=\"300\" height=\"200\" srcset=\"https:\/\/blog.alrisha.at\/blog\/wp-content\/uploads\/2032\/07\/Urlaub_201207_148-300x200.jpg 300w, https:\/\/blog.alrisha.at\/blog\/wp-content\/uploads\/2032\/07\/Urlaub_201207_148-624x416.jpg 624w, https:\/\/blog.alrisha.at\/blog\/wp-content\/uploads\/2032\/07\/Urlaub_201207_148.jpg 1024w\" sizes=\"(max-width: 300px) 100vw, 300px\" \/><\/a><p id=\"caption-attachment-91939\" class=\"wp-caption-text\">Kornaten<\/p><\/div>\n<p>&nbsp;<\/p>\n<p>Vor der Einfahrt von Korcula und Pelesac bl\u00e4st der Wind mit 6 Bft &#8211; nat\u00fcrlich aus Ost Kurs 90 Grad. Erst unter der Stadt Korcula machen sie einen Stopp. Bei der Werft wird getankt und gleich danach f\u00e4llt der Anker.<\/p>\n<p>&nbsp;<\/p>\n<p>&nbsp;<\/p>\n<div id=\"attachment_91940\" style=\"width: 310px\" class=\"wp-caption alignleft\"><a href=\"https:\/\/blog.alrisha.at\/blog\/wp-content\/uploads\/2032\/07\/Urlaub_201207_174.jpg\"><img decoding=\"async\" aria-describedby=\"caption-attachment-91940\" data-attachment-id=\"91940\" data-permalink=\"https:\/\/blog.alrisha.at\/blog\/2012\/07\/25\/elaphiten-der-sueden-kroatiens-teil-1\/urlaub_201207_174\/\" data-orig-file=\"https:\/\/blog.alrisha.at\/blog\/wp-content\/uploads\/2032\/07\/Urlaub_201207_174.jpg\" data-orig-size=\"1024,683\" data-comments-opened=\"1\" data-image-meta=\"{&quot;aperture&quot;:&quot;6.3&quot;,&quot;credit&quot;:&quot;&quot;,&quot;camera&quot;:&quot;Canon EOS 500D&quot;,&quot;caption&quot;:&quot;&quot;,&quot;created_timestamp&quot;:&quot;1341348965&quot;,&quot;copyright&quot;:&quot;&quot;,&quot;focal_length&quot;:&quot;300&quot;,&quot;iso&quot;:&quot;125&quot;,&quot;shutter_speed&quot;:&quot;0.003125&quot;,&quot;title&quot;:&quot;&quot;,&quot;orientation&quot;:&quot;0&quot;}\" data-image-title=\"Urlaub_201207_174\" data-image-description=\"\" data-image-caption=\"\" data-large-file=\"https:\/\/blog.alrisha.at\/blog\/wp-content\/uploads\/2032\/07\/Urlaub_201207_174.jpg\" class=\"wp-image-91940 size-medium\" src=\"https:\/\/blog.alrisha.at\/blog\/wp-content\/uploads\/2032\/07\/Urlaub_201207_174-300x200.jpg\" alt=\"\" width=\"300\" height=\"200\" srcset=\"https:\/\/blog.alrisha.at\/blog\/wp-content\/uploads\/2032\/07\/Urlaub_201207_174-300x200.jpg 300w, https:\/\/blog.alrisha.at\/blog\/wp-content\/uploads\/2032\/07\/Urlaub_201207_174-624x416.jpg 624w, https:\/\/blog.alrisha.at\/blog\/wp-content\/uploads\/2032\/07\/Urlaub_201207_174.jpg 1024w\" sizes=\"(max-width: 300px) 100vw, 300px\" \/><\/a><p id=\"caption-attachment-91940\" class=\"wp-caption-text\">Abendstimmung<\/p><\/div>\n<p>&nbsp;<\/p>\n<p>Mein Dingi wird ins Wasser gelassen und der Au\u00dfenborder montiert. Endlich k\u00f6nnen sie sich abk\u00fchlen, denn alle Tage hatte es bis jetzt \u00fcber 30 Grad. Am sp\u00e4teren Nachmittag wollen sie r\u00fcber ins Restaurant auf ein Bier. Ferry probiert den Au\u00dfenborder \u2013 er funktioniert besser, aber das Standgas h\u00e4lt er noch immer nicht.<\/p>\n<p>&nbsp;<\/p>\n<div id=\"attachment_91941\" style=\"width: 310px\" class=\"wp-caption alignright\"><a href=\"https:\/\/blog.alrisha.at\/blog\/wp-content\/uploads\/2032\/07\/Urlaub_201207_199.jpg\"><img decoding=\"async\" aria-describedby=\"caption-attachment-91941\" data-attachment-id=\"91941\" data-permalink=\"https:\/\/blog.alrisha.at\/blog\/2012\/07\/25\/elaphiten-der-sueden-kroatiens-teil-1\/urlaub_201207_199\/\" data-orig-file=\"https:\/\/blog.alrisha.at\/blog\/wp-content\/uploads\/2032\/07\/Urlaub_201207_199.jpg\" data-orig-size=\"1024,683\" data-comments-opened=\"1\" data-image-meta=\"{&quot;aperture&quot;:&quot;9&quot;,&quot;credit&quot;:&quot;&quot;,&quot;camera&quot;:&quot;Canon EOS 500D&quot;,&quot;caption&quot;:&quot;&quot;,&quot;created_timestamp&quot;:&quot;1341400673&quot;,&quot;copyright&quot;:&quot;&quot;,&quot;focal_length&quot;:&quot;70&quot;,&quot;iso&quot;:&quot;100&quot;,&quot;shutter_speed&quot;:&quot;0.005&quot;,&quot;title&quot;:&quot;&quot;,&quot;orientation&quot;:&quot;0&quot;}\" data-image-title=\"Urlaub_201207_199\" data-image-description=\"\" data-image-caption=\"\" data-large-file=\"https:\/\/blog.alrisha.at\/blog\/wp-content\/uploads\/2032\/07\/Urlaub_201207_199.jpg\" class=\"wp-image-91941 size-medium\" src=\"https:\/\/blog.alrisha.at\/blog\/wp-content\/uploads\/2032\/07\/Urlaub_201207_199-300x200.jpg\" alt=\"\" width=\"300\" height=\"200\" srcset=\"https:\/\/blog.alrisha.at\/blog\/wp-content\/uploads\/2032\/07\/Urlaub_201207_199-300x200.jpg 300w, https:\/\/blog.alrisha.at\/blog\/wp-content\/uploads\/2032\/07\/Urlaub_201207_199-624x416.jpg 624w, https:\/\/blog.alrisha.at\/blog\/wp-content\/uploads\/2032\/07\/Urlaub_201207_199.jpg 1024w\" sizes=\"(max-width: 300px) 100vw, 300px\" \/><\/a><p id=\"caption-attachment-91941\" class=\"wp-caption-text\">Korcula<\/p><\/div>\n<p>Schnell sind\u00a0sie am Ufer und Brigitte gr\u00fc\u00dft mit \u201eDobar dan\u201c und bestellt 2 Bier. Als Antwort bekommt sie, dass es kein Bier gibt. Die\u00a0 \u00dcberraschung ist gro\u00df, was trinken die Leute hier zum Essen? Auf einmal kommt der Besitzer in nasser Unterhose und fragt ob wir was zum Essen wollen, Ferry verneint und wollte noch sagen, aber am Abend, kommt aber nicht mehr dazu und ab jetzt wird es sehr tief. Er meint: \u201eTrinken gibt es nur zum Essen, wir sind ein RESTAURANT und keine KNEIPE und au\u00dferdem m\u00fcsst ihr f\u00fcr 200 \u20ac essen und \u00fcberhaupt schleicht\u2019s euch auf euer Boot\u201c. Des Weiteren zeigt er Ihnen noch den Finger und beide steigen ganz schnell in mein Dingi und fahren schockiert zur\u00fcck zu mir. So etwas haben sie noch nie erlebt, aber am Abend k\u00f6nnen sie beobachten, dass er ganz alleine in seinem RESTAURANT sitzt. Sie w\u00fcnschen ihm ganz viele einsame Abende in seinem RESTAURANT. Abendessen gibt es an Bord.<\/p>\n<div id=\"attachment_91942\" style=\"width: 210px\" class=\"wp-caption alignleft\"><a href=\"https:\/\/blog.alrisha.at\/blog\/wp-content\/uploads\/2032\/07\/Urlaub_201207_241.jpg\"><img decoding=\"async\" aria-describedby=\"caption-attachment-91942\" data-attachment-id=\"91942\" data-permalink=\"https:\/\/blog.alrisha.at\/blog\/2012\/07\/25\/elaphiten-der-sueden-kroatiens-teil-1\/urlaub_201207_241\/\" data-orig-file=\"https:\/\/blog.alrisha.at\/blog\/wp-content\/uploads\/2032\/07\/Urlaub_201207_241.jpg\" data-orig-size=\"683,1024\" data-comments-opened=\"1\" data-image-meta=\"{&quot;aperture&quot;:&quot;7.1&quot;,&quot;credit&quot;:&quot;&quot;,&quot;camera&quot;:&quot;Canon EOS 500D&quot;,&quot;caption&quot;:&quot;&quot;,&quot;created_timestamp&quot;:&quot;1341514313&quot;,&quot;copyright&quot;:&quot;&quot;,&quot;focal_length&quot;:&quot;300&quot;,&quot;iso&quot;:&quot;100&quot;,&quot;shutter_speed&quot;:&quot;0.0025&quot;,&quot;title&quot;:&quot;&quot;,&quot;orientation&quot;:&quot;0&quot;}\" data-image-title=\"Urlaub_201207_241\" data-image-description=\"\" data-image-caption=\"\" data-large-file=\"https:\/\/blog.alrisha.at\/blog\/wp-content\/uploads\/2032\/07\/Urlaub_201207_241.jpg\" class=\"wp-image-91942 size-medium\" src=\"https:\/\/blog.alrisha.at\/blog\/wp-content\/uploads\/2032\/07\/Urlaub_201207_241-200x300.jpg\" alt=\"\" width=\"200\" height=\"300\" srcset=\"https:\/\/blog.alrisha.at\/blog\/wp-content\/uploads\/2032\/07\/Urlaub_201207_241-200x300.jpg 200w, https:\/\/blog.alrisha.at\/blog\/wp-content\/uploads\/2032\/07\/Urlaub_201207_241-624x936.jpg 624w, https:\/\/blog.alrisha.at\/blog\/wp-content\/uploads\/2032\/07\/Urlaub_201207_241.jpg 683w\" sizes=\"(max-width: 200px) 100vw, 200px\" \/><\/a><p id=\"caption-attachment-91942\" class=\"wp-caption-text\">wir treffen &#8222;Nachbarn&#8220; aus \u00d6sterreich<\/p><\/div>\n<p>&nbsp;<\/p>\n<p>&nbsp;<\/p>\n<p>Und wieder weht der Wind mir direkt auf den Bug. Jetzt tun sie mir schon\u00a0 echt leid, aber heute setzten sie Gro\u00df, Genua und Kutter und machen ein paar Meilen unter Segel.<\/p>\n<p>&nbsp;<\/p>\n<p>&nbsp;<\/p>\n<p>&nbsp;<\/p>\n<p>&nbsp;<\/p>\n<div id=\"attachment_91943\" style=\"width: 310px\" class=\"wp-caption alignright\"><a href=\"https:\/\/blog.alrisha.at\/blog\/wp-content\/uploads\/2032\/07\/Urlaub_201207_248.jpg\"><img decoding=\"async\" aria-describedby=\"caption-attachment-91943\" data-attachment-id=\"91943\" data-permalink=\"https:\/\/blog.alrisha.at\/blog\/2012\/07\/25\/elaphiten-der-sueden-kroatiens-teil-1\/urlaub_201207_248\/\" data-orig-file=\"https:\/\/blog.alrisha.at\/blog\/wp-content\/uploads\/2032\/07\/Urlaub_201207_248.jpg\" data-orig-size=\"1024,683\" data-comments-opened=\"1\" data-image-meta=\"{&quot;aperture&quot;:&quot;8&quot;,&quot;credit&quot;:&quot;&quot;,&quot;camera&quot;:&quot;Canon EOS 500D&quot;,&quot;caption&quot;:&quot;&quot;,&quot;created_timestamp&quot;:&quot;1341514843&quot;,&quot;copyright&quot;:&quot;&quot;,&quot;focal_length&quot;:&quot;70&quot;,&quot;iso&quot;:&quot;100&quot;,&quot;shutter_speed&quot;:&quot;0.00625&quot;,&quot;title&quot;:&quot;&quot;,&quot;orientation&quot;:&quot;0&quot;}\" data-image-title=\"Urlaub_201207_248\" data-image-description=\"\" data-image-caption=\"\" data-large-file=\"https:\/\/blog.alrisha.at\/blog\/wp-content\/uploads\/2032\/07\/Urlaub_201207_248.jpg\" class=\"wp-image-91943 size-medium\" src=\"https:\/\/blog.alrisha.at\/blog\/wp-content\/uploads\/2032\/07\/Urlaub_201207_248-300x200.jpg\" alt=\"\" width=\"300\" height=\"200\" srcset=\"https:\/\/blog.alrisha.at\/blog\/wp-content\/uploads\/2032\/07\/Urlaub_201207_248-300x200.jpg 300w, https:\/\/blog.alrisha.at\/blog\/wp-content\/uploads\/2032\/07\/Urlaub_201207_248-624x416.jpg 624w, https:\/\/blog.alrisha.at\/blog\/wp-content\/uploads\/2032\/07\/Urlaub_201207_248.jpg 1024w\" sizes=\"(max-width: 300px) 100vw, 300px\" \/><\/a><p id=\"caption-attachment-91943\" class=\"wp-caption-text\">Ferry passt auf, dass nichts passiert<\/p><\/div>\n<p>&nbsp;<\/p>\n<p>Leider l\u00e4sst der Wind nach und es geht weiter unter Motor bis in die Bucht Okukujle auf Mljet. Schon beim Anlegen begr\u00fc\u00dft uns das Nachbarboot recht herzlich.<\/p>\n<p>&nbsp;<\/p>\n<p>&nbsp;<\/p>\n<div id=\"attachment_91944\" style=\"width: 310px\" class=\"wp-caption alignleft\"><a href=\"https:\/\/blog.alrisha.at\/blog\/wp-content\/uploads\/2032\/07\/Urlaub_201207_264.jpg\"><img decoding=\"async\" aria-describedby=\"caption-attachment-91944\" data-attachment-id=\"91944\" data-permalink=\"https:\/\/blog.alrisha.at\/blog\/2012\/07\/25\/elaphiten-der-sueden-kroatiens-teil-1\/urlaub_201207_264\/\" data-orig-file=\"https:\/\/blog.alrisha.at\/blog\/wp-content\/uploads\/2032\/07\/Urlaub_201207_264.jpg\" data-orig-size=\"1024,683\" data-comments-opened=\"1\" data-image-meta=\"{&quot;aperture&quot;:&quot;5&quot;,&quot;credit&quot;:&quot;&quot;,&quot;camera&quot;:&quot;Canon EOS 500D&quot;,&quot;caption&quot;:&quot;&quot;,&quot;created_timestamp&quot;:&quot;1341518737&quot;,&quot;copyright&quot;:&quot;&quot;,&quot;focal_length&quot;:&quot;41&quot;,&quot;iso&quot;:&quot;400&quot;,&quot;shutter_speed&quot;:&quot;0.0166666666667&quot;,&quot;title&quot;:&quot;&quot;,&quot;orientation&quot;:&quot;0&quot;}\" data-image-title=\"Urlaub_201207_264\" data-image-description=\"\" data-image-caption=\"\" data-large-file=\"https:\/\/blog.alrisha.at\/blog\/wp-content\/uploads\/2032\/07\/Urlaub_201207_264.jpg\" class=\"wp-image-91944 size-medium\" src=\"https:\/\/blog.alrisha.at\/blog\/wp-content\/uploads\/2032\/07\/Urlaub_201207_264-300x200.jpg\" alt=\"\" width=\"300\" height=\"200\" srcset=\"https:\/\/blog.alrisha.at\/blog\/wp-content\/uploads\/2032\/07\/Urlaub_201207_264-300x200.jpg 300w, https:\/\/blog.alrisha.at\/blog\/wp-content\/uploads\/2032\/07\/Urlaub_201207_264-624x416.jpg 624w, https:\/\/blog.alrisha.at\/blog\/wp-content\/uploads\/2032\/07\/Urlaub_201207_264.jpg 1024w\" sizes=\"(max-width: 300px) 100vw, 300px\" \/><\/a><p id=\"caption-attachment-91944\" class=\"wp-caption-text\">Fischernetzt wird noch repariert<\/p><\/div>\n<p>&nbsp;<\/p>\n<p>Wie wir sp\u00e4ter feststellen, sind alle aus Neulengbach und Umgebung. Es wird getratscht und Bier und Wein getrunken. Dann werden die Kinder auf den Mast gezogen. Sp\u00e4ter klettern der Skipper vom Nachbarboot und Andrea auf meinem Mast. Hat Spa\u00df gemacht wieder Leute bei mir oben zu haben.<\/p>\n<p>&nbsp;<\/p>\n<div id=\"attachment_91945\" style=\"width: 310px\" class=\"wp-caption alignright\"><a href=\"https:\/\/blog.alrisha.at\/blog\/wp-content\/uploads\/2032\/07\/Urlaub_201207_269.jpg\"><img decoding=\"async\" aria-describedby=\"caption-attachment-91945\" data-attachment-id=\"91945\" data-permalink=\"https:\/\/blog.alrisha.at\/blog\/2012\/07\/25\/elaphiten-der-sueden-kroatiens-teil-1\/urlaub_201207_269\/\" data-orig-file=\"https:\/\/blog.alrisha.at\/blog\/wp-content\/uploads\/2032\/07\/Urlaub_201207_269.jpg\" data-orig-size=\"1024,683\" data-comments-opened=\"1\" data-image-meta=\"{&quot;aperture&quot;:&quot;5.6&quot;,&quot;credit&quot;:&quot;&quot;,&quot;camera&quot;:&quot;Canon EOS 500D&quot;,&quot;caption&quot;:&quot;&quot;,&quot;created_timestamp&quot;:&quot;1341519083&quot;,&quot;copyright&quot;:&quot;&quot;,&quot;focal_length&quot;:&quot;29&quot;,&quot;iso&quot;:&quot;100&quot;,&quot;shutter_speed&quot;:&quot;0.0333333333333&quot;,&quot;title&quot;:&quot;&quot;,&quot;orientation&quot;:&quot;0&quot;}\" data-image-title=\"Urlaub_201207_269\" data-image-description=\"\" data-image-caption=\"\" data-large-file=\"https:\/\/blog.alrisha.at\/blog\/wp-content\/uploads\/2032\/07\/Urlaub_201207_269.jpg\" class=\"wp-image-91945 size-medium\" src=\"https:\/\/blog.alrisha.at\/blog\/wp-content\/uploads\/2032\/07\/Urlaub_201207_269-300x200.jpg\" alt=\"\" width=\"300\" height=\"200\" srcset=\"https:\/\/blog.alrisha.at\/blog\/wp-content\/uploads\/2032\/07\/Urlaub_201207_269-300x200.jpg 300w, https:\/\/blog.alrisha.at\/blog\/wp-content\/uploads\/2032\/07\/Urlaub_201207_269-624x416.jpg 624w, https:\/\/blog.alrisha.at\/blog\/wp-content\/uploads\/2032\/07\/Urlaub_201207_269.jpg 1024w\" sizes=\"(max-width: 300px) 100vw, 300px\" \/><\/a><p id=\"caption-attachment-91945\" class=\"wp-caption-text\">gemeinsames Abendessen<\/p><\/div>\n<p>&nbsp;<\/p>\n<p>&nbsp;<\/p>\n<p>Abends gehen sie gemeinsam Essen. Sp\u00e4t und sehr lustig kommen sie in meine Kojen.<\/p>\n<p>&nbsp;<\/p>\n<p>&nbsp;<\/p>\n<p>&nbsp;<\/p>\n<p>&nbsp;<\/p>\n","protected":false},"excerpt":{"rendered":"<p>Es waren turbulente 3 Wochen, Brigitte erfuhr dass sie nach AVRAG in eine neue Firma \u00fcbernommen wird. Die Vorstellung der neuen Firma, der neuen Chefin und des neuen Arbeitsplatzes und der noch nicht ausgestandene Kampf nach Altersteilzeit und Teleworking hat Brigitte sehr mitgenommen. Aber am Freitag werden noch die letzten Vorbereitungen f\u00fcr den Urlaub getroffen. [&hellip;]<\/p>\n","protected":false},"author":3,"featured_media":0,"comment_status":"open","ping_status":"open","sticky":false,"template":"","format":"standard","meta":{"_crdt_document":"","jetpack_post_was_ever_published":false,"_jetpack_newsletter_access":"","_jetpack_dont_email_post_to_subs":false,"_jetpack_newsletter_tier_id":0,"_jetpack_memberships_contains_paywalled_content":false,"_jetpack_memberships_contains_paid_content":false,"footnotes":"","jetpack_publicize_message":"","jetpack_publicize_feature_enabled":true,"jetpack_social_post_already_shared":false,"jetpack_social_options":{"image_generator_settings":{"template":"highway","default_image_id":0,"font":"","enabled":false},"version":2}},"categories":[419,414,3,425,423,5,431],"tags":[],"class_list":["post-91901","post","type-post","status-publish","format-standard","hentry","category-419","category-dalmatien","category-davor","category-elaphiten","category-kornaten","category-kroatien","category-rundumalrisha"],"yoast_head":"<!-- This site is optimized with the Yoast SEO plugin v27.5 - https:\/\/yoast.com\/product\/yoast-seo-wordpress\/ -->\n<title>Elaphiten - der S\u00fcden Kroatiens - Teil 1 - Alrisha&#039;s Blog<\/title>\n<meta name=\"robots\" content=\"index, follow, max-snippet:-1, max-image-preview:large, max-video-preview:-1\" \/>\n<link rel=\"canonical\" href=\"https:\/\/blog.alrisha.at\/blog\/2012\/07\/25\/elaphiten-der-sueden-kroatiens-teil-1\/\" \/>\n<meta property=\"og:locale\" content=\"de_DE\" \/>\n<meta property=\"og:type\" content=\"article\" \/>\n<meta property=\"og:title\" content=\"Elaphiten - der S\u00fcden Kroatiens - Teil 1 - Alrisha&#039;s Blog\" \/>\n<meta property=\"og:description\" content=\"Es waren turbulente 3 Wochen, Brigitte erfuhr dass sie nach AVRAG in eine neue Firma \u00fcbernommen wird. Die Vorstellung der neuen Firma, der neuen Chefin und des neuen Arbeitsplatzes und der noch nicht ausgestandene Kampf nach Altersteilzeit und Teleworking hat Brigitte sehr mitgenommen. Aber am Freitag werden noch die letzten Vorbereitungen f\u00fcr den Urlaub getroffen. [&hellip;]\" \/>\n<meta property=\"og:url\" content=\"https:\/\/blog.alrisha.at\/blog\/2012\/07\/25\/elaphiten-der-sueden-kroatiens-teil-1\/\" \/>\n<meta property=\"og:site_name\" content=\"Alrisha&#039;s Blog\" \/>\n<meta property=\"article:published_time\" content=\"2012-07-25T21:00:07+00:00\" \/>\n<meta property=\"article:modified_time\" content=\"2021-08-31T03:43:49+00:00\" \/>\n<meta property=\"og:image\" content=\"https:\/\/blog.alrisha.at\/blog\/wp-content\/uploads\/2032\/07\/Urlaub_201207_616-200x300.jpg\" \/>\n<meta name=\"author\" content=\"Alrisha Ovni 435\" \/>\n<meta name=\"twitter:card\" content=\"summary_large_image\" \/>\n<meta name=\"twitter:label1\" content=\"Verfasst von\" \/>\n\t<meta name=\"twitter:data1\" content=\"Alrisha Ovni 435\" \/>\n\t<meta name=\"twitter:label2\" content=\"Gesch\u00e4tzte Lesezeit\" \/>\n\t<meta name=\"twitter:data2\" content=\"6\u00a0Minuten\" \/>\n<script type=\"application\/ld+json\" class=\"yoast-schema-graph\">{\"@context\":\"https:\\\/\\\/schema.org\",\"@graph\":[{\"@type\":\"Article\",\"@id\":\"https:\\\/\\\/blog.alrisha.at\\\/blog\\\/2012\\\/07\\\/25\\\/elaphiten-der-sueden-kroatiens-teil-1\\\/#article\",\"isPartOf\":{\"@id\":\"https:\\\/\\\/blog.alrisha.at\\\/blog\\\/2012\\\/07\\\/25\\\/elaphiten-der-sueden-kroatiens-teil-1\\\/\"},\"author\":{\"name\":\"Alrisha Ovni 435\",\"@id\":\"https:\\\/\\\/blog.alrisha.at\\\/blog\\\/#\\\/schema\\\/person\\\/a14f9bb0600b855612099346642e6222\"},\"headline\":\"Elaphiten &#8211; der S\u00fcden Kroatiens &#8211; Teil 1\",\"datePublished\":\"2012-07-25T21:00:07+00:00\",\"dateModified\":\"2021-08-31T03:43:49+00:00\",\"mainEntityOfPage\":{\"@id\":\"https:\\\/\\\/blog.alrisha.at\\\/blog\\\/2012\\\/07\\\/25\\\/elaphiten-der-sueden-kroatiens-teil-1\\\/\"},\"wordCount\":855,\"commentCount\":0,\"publisher\":{\"@id\":\"https:\\\/\\\/blog.alrisha.at\\\/blog\\\/#\\\/schema\\\/person\\\/a14f9bb0600b855612099346642e6222\"},\"image\":{\"@id\":\"https:\\\/\\\/blog.alrisha.at\\\/blog\\\/2012\\\/07\\\/25\\\/elaphiten-der-sueden-kroatiens-teil-1\\\/#primaryimage\"},\"thumbnailUrl\":\"https:\\\/\\\/blog.alrisha.at\\\/blog\\\/wp-content\\\/uploads\\\/2032\\\/07\\\/Urlaub_201207_616-200x300.jpg\",\"articleSection\":[\"Berichte 2012\",\"Dalmatien\",\"Davor\",\"Elaphiten\",\"Kornaten\",\"Kroatien\",\"Rund um Alrisha\"],\"inLanguage\":\"de\",\"potentialAction\":[{\"@type\":\"CommentAction\",\"name\":\"Comment\",\"target\":[\"https:\\\/\\\/blog.alrisha.at\\\/blog\\\/2012\\\/07\\\/25\\\/elaphiten-der-sueden-kroatiens-teil-1\\\/#respond\"]}]},{\"@type\":\"WebPage\",\"@id\":\"https:\\\/\\\/blog.alrisha.at\\\/blog\\\/2012\\\/07\\\/25\\\/elaphiten-der-sueden-kroatiens-teil-1\\\/\",\"url\":\"https:\\\/\\\/blog.alrisha.at\\\/blog\\\/2012\\\/07\\\/25\\\/elaphiten-der-sueden-kroatiens-teil-1\\\/\",\"name\":\"Elaphiten - der S\u00fcden Kroatiens - Teil 1 - Alrisha&#039;s Blog\",\"isPartOf\":{\"@id\":\"https:\\\/\\\/blog.alrisha.at\\\/blog\\\/#website\"},\"primaryImageOfPage\":{\"@id\":\"https:\\\/\\\/blog.alrisha.at\\\/blog\\\/2012\\\/07\\\/25\\\/elaphiten-der-sueden-kroatiens-teil-1\\\/#primaryimage\"},\"image\":{\"@id\":\"https:\\\/\\\/blog.alrisha.at\\\/blog\\\/2012\\\/07\\\/25\\\/elaphiten-der-sueden-kroatiens-teil-1\\\/#primaryimage\"},\"thumbnailUrl\":\"https:\\\/\\\/blog.alrisha.at\\\/blog\\\/wp-content\\\/uploads\\\/2032\\\/07\\\/Urlaub_201207_616-200x300.jpg\",\"datePublished\":\"2012-07-25T21:00:07+00:00\",\"dateModified\":\"2021-08-31T03:43:49+00:00\",\"breadcrumb\":{\"@id\":\"https:\\\/\\\/blog.alrisha.at\\\/blog\\\/2012\\\/07\\\/25\\\/elaphiten-der-sueden-kroatiens-teil-1\\\/#breadcrumb\"},\"inLanguage\":\"de\",\"potentialAction\":[{\"@type\":\"ReadAction\",\"target\":[\"https:\\\/\\\/blog.alrisha.at\\\/blog\\\/2012\\\/07\\\/25\\\/elaphiten-der-sueden-kroatiens-teil-1\\\/\"]}]},{\"@type\":\"ImageObject\",\"inLanguage\":\"de\",\"@id\":\"https:\\\/\\\/blog.alrisha.at\\\/blog\\\/2012\\\/07\\\/25\\\/elaphiten-der-sueden-kroatiens-teil-1\\\/#primaryimage\",\"url\":\"https:\\\/\\\/blog.alrisha.at\\\/blog\\\/wp-content\\\/uploads\\\/2032\\\/07\\\/Urlaub_201207_616.jpg\",\"contentUrl\":\"https:\\\/\\\/blog.alrisha.at\\\/blog\\\/wp-content\\\/uploads\\\/2032\\\/07\\\/Urlaub_201207_616.jpg\",\"width\":683,\"height\":1024},{\"@type\":\"BreadcrumbList\",\"@id\":\"https:\\\/\\\/blog.alrisha.at\\\/blog\\\/2012\\\/07\\\/25\\\/elaphiten-der-sueden-kroatiens-teil-1\\\/#breadcrumb\",\"itemListElement\":[{\"@type\":\"ListItem\",\"position\":1,\"name\":\"Startseite\",\"item\":\"https:\\\/\\\/blog.alrisha.at\\\/blog\\\/\"},{\"@type\":\"ListItem\",\"position\":2,\"name\":\"Elaphiten &#8211; der S\u00fcden Kroatiens &#8211; Teil 1\"}]},{\"@type\":\"WebSite\",\"@id\":\"https:\\\/\\\/blog.alrisha.at\\\/blog\\\/#website\",\"url\":\"https:\\\/\\\/blog.alrisha.at\\\/blog\\\/\",\"name\":\"Alrisha's Blog\",\"description\":\"Segeln und Reisen mit einer Alubat OVNI 435\",\"publisher\":{\"@id\":\"https:\\\/\\\/blog.alrisha.at\\\/blog\\\/#\\\/schema\\\/person\\\/a14f9bb0600b855612099346642e6222\"},\"potentialAction\":[{\"@type\":\"SearchAction\",\"target\":{\"@type\":\"EntryPoint\",\"urlTemplate\":\"https:\\\/\\\/blog.alrisha.at\\\/blog\\\/?s={search_term_string}\"},\"query-input\":{\"@type\":\"PropertyValueSpecification\",\"valueRequired\":true,\"valueName\":\"search_term_string\"}}],\"inLanguage\":\"de\"},{\"@type\":[\"Person\",\"Organization\"],\"@id\":\"https:\\\/\\\/blog.alrisha.at\\\/blog\\\/#\\\/schema\\\/person\\\/a14f9bb0600b855612099346642e6222\",\"name\":\"Alrisha Ovni 435\",\"image\":{\"@type\":\"ImageObject\",\"inLanguage\":\"de\",\"@id\":\"https:\\\/\\\/secure.gravatar.com\\\/avatar\\\/b43cfbd3974a76ff88ad31f91f8efe03248d98ea8ffe2a1195b7017a18d6feda?s=96&d=mm&r=r\",\"url\":\"https:\\\/\\\/secure.gravatar.com\\\/avatar\\\/b43cfbd3974a76ff88ad31f91f8efe03248d98ea8ffe2a1195b7017a18d6feda?s=96&d=mm&r=r\",\"contentUrl\":\"https:\\\/\\\/secure.gravatar.com\\\/avatar\\\/b43cfbd3974a76ff88ad31f91f8efe03248d98ea8ffe2a1195b7017a18d6feda?s=96&d=mm&r=r\",\"caption\":\"Alrisha Ovni 435\"},\"logo\":{\"@id\":\"https:\\\/\\\/secure.gravatar.com\\\/avatar\\\/b43cfbd3974a76ff88ad31f91f8efe03248d98ea8ffe2a1195b7017a18d6feda?s=96&d=mm&r=r\"},\"sameAs\":[\"https:\\\/\\\/www.alrisha.at\"],\"url\":\"https:\\\/\\\/blog.alrisha.at\\\/blog\\\/author\\\/alrisha\\\/\"}]}<\/script>\n<!-- \/ Yoast SEO plugin. -->","yoast_head_json":{"title":"Elaphiten - der S\u00fcden Kroatiens - Teil 1 - Alrisha&#039;s Blog","robots":{"index":"index","follow":"follow","max-snippet":"max-snippet:-1","max-image-preview":"max-image-preview:large","max-video-preview":"max-video-preview:-1"},"canonical":"https:\/\/blog.alrisha.at\/blog\/2012\/07\/25\/elaphiten-der-sueden-kroatiens-teil-1\/","og_locale":"de_DE","og_type":"article","og_title":"Elaphiten - der S\u00fcden Kroatiens - Teil 1 - Alrisha&#039;s Blog","og_description":"Es waren turbulente 3 Wochen, Brigitte erfuhr dass sie nach AVRAG in eine neue Firma \u00fcbernommen wird. Die Vorstellung der neuen Firma, der neuen Chefin und des neuen Arbeitsplatzes und der noch nicht ausgestandene Kampf nach Altersteilzeit und Teleworking hat Brigitte sehr mitgenommen. Aber am Freitag werden noch die letzten Vorbereitungen f\u00fcr den Urlaub getroffen. [&hellip;]","og_url":"https:\/\/blog.alrisha.at\/blog\/2012\/07\/25\/elaphiten-der-sueden-kroatiens-teil-1\/","og_site_name":"Alrisha&#039;s Blog","article_published_time":"2012-07-25T21:00:07+00:00","article_modified_time":"2021-08-31T03:43:49+00:00","og_image":[{"url":"https:\/\/blog.alrisha.at\/blog\/wp-content\/uploads\/2032\/07\/Urlaub_201207_616-200x300.jpg","type":"","width":"","height":""}],"author":"Alrisha Ovni 435","twitter_card":"summary_large_image","twitter_misc":{"Verfasst von":"Alrisha Ovni 435","Gesch\u00e4tzte Lesezeit":"6\u00a0Minuten"},"schema":{"@context":"https:\/\/schema.org","@graph":[{"@type":"Article","@id":"https:\/\/blog.alrisha.at\/blog\/2012\/07\/25\/elaphiten-der-sueden-kroatiens-teil-1\/#article","isPartOf":{"@id":"https:\/\/blog.alrisha.at\/blog\/2012\/07\/25\/elaphiten-der-sueden-kroatiens-teil-1\/"},"author":{"name":"Alrisha Ovni 435","@id":"https:\/\/blog.alrisha.at\/blog\/#\/schema\/person\/a14f9bb0600b855612099346642e6222"},"headline":"Elaphiten &#8211; der S\u00fcden Kroatiens &#8211; Teil 1","datePublished":"2012-07-25T21:00:07+00:00","dateModified":"2021-08-31T03:43:49+00:00","mainEntityOfPage":{"@id":"https:\/\/blog.alrisha.at\/blog\/2012\/07\/25\/elaphiten-der-sueden-kroatiens-teil-1\/"},"wordCount":855,"commentCount":0,"publisher":{"@id":"https:\/\/blog.alrisha.at\/blog\/#\/schema\/person\/a14f9bb0600b855612099346642e6222"},"image":{"@id":"https:\/\/blog.alrisha.at\/blog\/2012\/07\/25\/elaphiten-der-sueden-kroatiens-teil-1\/#primaryimage"},"thumbnailUrl":"https:\/\/blog.alrisha.at\/blog\/wp-content\/uploads\/2032\/07\/Urlaub_201207_616-200x300.jpg","articleSection":["Berichte 2012","Dalmatien","Davor","Elaphiten","Kornaten","Kroatien","Rund um Alrisha"],"inLanguage":"de","potentialAction":[{"@type":"CommentAction","name":"Comment","target":["https:\/\/blog.alrisha.at\/blog\/2012\/07\/25\/elaphiten-der-sueden-kroatiens-teil-1\/#respond"]}]},{"@type":"WebPage","@id":"https:\/\/blog.alrisha.at\/blog\/2012\/07\/25\/elaphiten-der-sueden-kroatiens-teil-1\/","url":"https:\/\/blog.alrisha.at\/blog\/2012\/07\/25\/elaphiten-der-sueden-kroatiens-teil-1\/","name":"Elaphiten - der S\u00fcden Kroatiens - Teil 1 - Alrisha&#039;s Blog","isPartOf":{"@id":"https:\/\/blog.alrisha.at\/blog\/#website"},"primaryImageOfPage":{"@id":"https:\/\/blog.alrisha.at\/blog\/2012\/07\/25\/elaphiten-der-sueden-kroatiens-teil-1\/#primaryimage"},"image":{"@id":"https:\/\/blog.alrisha.at\/blog\/2012\/07\/25\/elaphiten-der-sueden-kroatiens-teil-1\/#primaryimage"},"thumbnailUrl":"https:\/\/blog.alrisha.at\/blog\/wp-content\/uploads\/2032\/07\/Urlaub_201207_616-200x300.jpg","datePublished":"2012-07-25T21:00:07+00:00","dateModified":"2021-08-31T03:43:49+00:00","breadcrumb":{"@id":"https:\/\/blog.alrisha.at\/blog\/2012\/07\/25\/elaphiten-der-sueden-kroatiens-teil-1\/#breadcrumb"},"inLanguage":"de","potentialAction":[{"@type":"ReadAction","target":["https:\/\/blog.alrisha.at\/blog\/2012\/07\/25\/elaphiten-der-sueden-kroatiens-teil-1\/"]}]},{"@type":"ImageObject","inLanguage":"de","@id":"https:\/\/blog.alrisha.at\/blog\/2012\/07\/25\/elaphiten-der-sueden-kroatiens-teil-1\/#primaryimage","url":"https:\/\/blog.alrisha.at\/blog\/wp-content\/uploads\/2032\/07\/Urlaub_201207_616.jpg","contentUrl":"https:\/\/blog.alrisha.at\/blog\/wp-content\/uploads\/2032\/07\/Urlaub_201207_616.jpg","width":683,"height":1024},{"@type":"BreadcrumbList","@id":"https:\/\/blog.alrisha.at\/blog\/2012\/07\/25\/elaphiten-der-sueden-kroatiens-teil-1\/#breadcrumb","itemListElement":[{"@type":"ListItem","position":1,"name":"Startseite","item":"https:\/\/blog.alrisha.at\/blog\/"},{"@type":"ListItem","position":2,"name":"Elaphiten &#8211; der S\u00fcden Kroatiens &#8211; Teil 1"}]},{"@type":"WebSite","@id":"https:\/\/blog.alrisha.at\/blog\/#website","url":"https:\/\/blog.alrisha.at\/blog\/","name":"Alrisha's Blog","description":"Segeln und Reisen mit einer Alubat OVNI 435","publisher":{"@id":"https:\/\/blog.alrisha.at\/blog\/#\/schema\/person\/a14f9bb0600b855612099346642e6222"},"potentialAction":[{"@type":"SearchAction","target":{"@type":"EntryPoint","urlTemplate":"https:\/\/blog.alrisha.at\/blog\/?s={search_term_string}"},"query-input":{"@type":"PropertyValueSpecification","valueRequired":true,"valueName":"search_term_string"}}],"inLanguage":"de"},{"@type":["Person","Organization"],"@id":"https:\/\/blog.alrisha.at\/blog\/#\/schema\/person\/a14f9bb0600b855612099346642e6222","name":"Alrisha Ovni 435","image":{"@type":"ImageObject","inLanguage":"de","@id":"https:\/\/secure.gravatar.com\/avatar\/b43cfbd3974a76ff88ad31f91f8efe03248d98ea8ffe2a1195b7017a18d6feda?s=96&d=mm&r=r","url":"https:\/\/secure.gravatar.com\/avatar\/b43cfbd3974a76ff88ad31f91f8efe03248d98ea8ffe2a1195b7017a18d6feda?s=96&d=mm&r=r","contentUrl":"https:\/\/secure.gravatar.com\/avatar\/b43cfbd3974a76ff88ad31f91f8efe03248d98ea8ffe2a1195b7017a18d6feda?s=96&d=mm&r=r","caption":"Alrisha Ovni 435"},"logo":{"@id":"https:\/\/secure.gravatar.com\/avatar\/b43cfbd3974a76ff88ad31f91f8efe03248d98ea8ffe2a1195b7017a18d6feda?s=96&d=mm&r=r"},"sameAs":["https:\/\/www.alrisha.at"],"url":"https:\/\/blog.alrisha.at\/blog\/author\/alrisha\/"}]}},"jetpack_publicize_connections":[],"jetpack_featured_media_url":"","jetpack_shortlink":"https:\/\/wp.me\/p5ztay-nUh","jetpack_sharing_enabled":true,"_links":{"self":[{"href":"https:\/\/blog.alrisha.at\/blog\/wp-json\/wp\/v2\/posts\/91901","targetHints":{"allow":["GET"]}}],"collection":[{"href":"https:\/\/blog.alrisha.at\/blog\/wp-json\/wp\/v2\/posts"}],"about":[{"href":"https:\/\/blog.alrisha.at\/blog\/wp-json\/wp\/v2\/types\/post"}],"author":[{"embeddable":true,"href":"https:\/\/blog.alrisha.at\/blog\/wp-json\/wp\/v2\/users\/3"}],"replies":[{"embeddable":true,"href":"https:\/\/blog.alrisha.at\/blog\/wp-json\/wp\/v2\/comments?post=91901"}],"version-history":[{"count":0,"href":"https:\/\/blog.alrisha.at\/blog\/wp-json\/wp\/v2\/posts\/91901\/revisions"}],"wp:attachment":[{"href":"https:\/\/blog.alrisha.at\/blog\/wp-json\/wp\/v2\/media?parent=91901"}],"wp:term":[{"taxonomy":"category","embeddable":true,"href":"https:\/\/blog.alrisha.at\/blog\/wp-json\/wp\/v2\/categories?post=91901"},{"taxonomy":"post_tag","embeddable":true,"href":"https:\/\/blog.alrisha.at\/blog\/wp-json\/wp\/v2\/tags?post=91901"}],"curies":[{"name":"wp","href":"https:\/\/api.w.org\/{rel}","templated":true}]}}