{"id":2570,"date":"2016-09-28T20:35:26","date_gmt":"2016-09-28T18:35:26","guid":{"rendered":"http:\/\/blog.alrisha.at\/blog\/?p=2570"},"modified":"2017-10-15T22:13:30","modified_gmt":"2017-10-15T20:13:30","slug":"fuerteventura-die-duenen","status":"publish","type":"post","link":"https:\/\/blog.alrisha.at\/blog\/2016\/09\/28\/fuerteventura-die-duenen\/","title":{"rendered":"Fuerteventura \u2013 die D\u00fcnen"},"content":{"rendered":"\n\t\t<style type=\"text\/css\">\n\t\t\t#gallery-1 {\n\t\t\t\tmargin: auto;\n\t\t\t}\n\t\t\t#gallery-1 .gallery-item {\n\t\t\t\tfloat: left;\n\t\t\t\tmargin-top: 10px;\n\t\t\t\ttext-align: center;\n\t\t\t\twidth: 33%;\n\t\t\t}\n\t\t\t#gallery-1 img {\n\t\t\t\tborder: 2px solid #cfcfcf;\n\t\t\t}\n\t\t\t#gallery-1 .gallery-caption {\n\t\t\t\tmargin-left: 0;\n\t\t\t}\n\t\t\t\/* see gallery_shortcode() in wp-includes\/media.php *\/\n\t\t<\/style>\n\t\t<div data-carousel-extra='{&quot;blog_id&quot;:1,&quot;permalink&quot;:&quot;https:\/\/blog.alrisha.at\/blog\/2016\/09\/28\/fuerteventura-die-duenen\/&quot;}' id='gallery-1' class='gallery galleryid-2570 gallery-columns-3 gallery-size-thumbnail'><dl class='gallery-item'>\n\t\t\t<dt class='gallery-icon landscape'>\n\t\t\t\t<a href='https:\/\/blog.alrisha.at\/blog\/2016\/09\/28\/fuerteventura-die-duenen\/img_3548\/'><img decoding=\"async\" width=\"150\" height=\"150\" src=\"https:\/\/blog.alrisha.at\/blog\/wp-content\/uploads\/2016\/09\/IMG_3548-150x150.jpg\" class=\"attachment-thumbnail size-thumbnail\" alt=\"\" aria-describedby=\"gallery-1-2572\" data-attachment-id=\"2572\" data-permalink=\"https:\/\/blog.alrisha.at\/blog\/2016\/09\/28\/fuerteventura-die-duenen\/img_3548\/\" data-orig-file=\"https:\/\/blog.alrisha.at\/blog\/wp-content\/uploads\/2016\/09\/IMG_3548.jpg\" data-orig-size=\"640,428\" data-comments-opened=\"1\" data-image-meta=\"{&quot;aperture&quot;:&quot;7.1&quot;,&quot;credit&quot;:&quot;Brigitte Windbichler&quot;,&quot;camera&quot;:&quot;Canon EOS 6D&quot;,&quot;caption&quot;:&quot;&quot;,&quot;created_timestamp&quot;:&quot;1475061675&quot;,&quot;copyright&quot;:&quot;&quot;,&quot;focal_length&quot;:&quot;252&quot;,&quot;iso&quot;:&quot;100&quot;,&quot;shutter_speed&quot;:&quot;0.0025&quot;,&quot;title&quot;:&quot;&quot;,&quot;orientation&quot;:&quot;0&quot;}\" data-image-title=\"img_3548\" data-image-description=\"\" data-image-caption=\"&lt;p&gt;Parque Natural de Corralejo&lt;\/p&gt;\n\" data-large-file=\"https:\/\/blog.alrisha.at\/blog\/wp-content\/uploads\/2016\/09\/IMG_3548.jpg\" \/><\/a>\n\t\t\t<\/dt>\n\t\t\t\t<dd class='wp-caption-text gallery-caption' id='gallery-1-2572'>\n\t\t\t\tParque Natural de Corralejo\n\t\t\t\t<\/dd><\/dl><dl class='gallery-item'>\n\t\t\t<dt class='gallery-icon landscape'>\n\t\t\t\t<a href='https:\/\/blog.alrisha.at\/blog\/2016\/09\/28\/fuerteventura-die-duenen\/img_3547\/'><img decoding=\"async\" width=\"150\" height=\"150\" src=\"https:\/\/blog.alrisha.at\/blog\/wp-content\/uploads\/2016\/09\/IMG_3547-150x150.jpg\" class=\"attachment-thumbnail size-thumbnail\" alt=\"\" aria-describedby=\"gallery-1-2571\" data-attachment-id=\"2571\" data-permalink=\"https:\/\/blog.alrisha.at\/blog\/2016\/09\/28\/fuerteventura-die-duenen\/img_3547\/\" data-orig-file=\"https:\/\/blog.alrisha.at\/blog\/wp-content\/uploads\/2016\/09\/IMG_3547.jpg\" data-orig-size=\"640,428\" data-comments-opened=\"1\" data-image-meta=\"{&quot;aperture&quot;:&quot;8&quot;,&quot;credit&quot;:&quot;Brigitte Windbichler&quot;,&quot;camera&quot;:&quot;Canon EOS 6D&quot;,&quot;caption&quot;:&quot;&quot;,&quot;created_timestamp&quot;:&quot;1475061657&quot;,&quot;copyright&quot;:&quot;&quot;,&quot;focal_length&quot;:&quot;300&quot;,&quot;iso&quot;:&quot;100&quot;,&quot;shutter_speed&quot;:&quot;0.0015625&quot;,&quot;title&quot;:&quot;&quot;,&quot;orientation&quot;:&quot;0&quot;}\" data-image-title=\"img_3547\" data-image-description=\"\" data-image-caption=\"&lt;p&gt;Parque Natural de CorralejoParque Natural de Corralejo&lt;\/p&gt;\n\" data-large-file=\"https:\/\/blog.alrisha.at\/blog\/wp-content\/uploads\/2016\/09\/IMG_3547.jpg\" \/><\/a>\n\t\t\t<\/dt>\n\t\t\t\t<dd class='wp-caption-text gallery-caption' id='gallery-1-2571'>\n\t\t\t\tParque Natural de CorralejoParque Natural de Corralejo\n\t\t\t\t<\/dd><\/dl><dl class='gallery-item'>\n\t\t\t<dt class='gallery-icon landscape'>\n\t\t\t\t<a href='https:\/\/blog.alrisha.at\/blog\/2016\/09\/28\/fuerteventura-die-duenen\/img_3550\/'><img decoding=\"async\" width=\"150\" height=\"150\" src=\"https:\/\/blog.alrisha.at\/blog\/wp-content\/uploads\/2016\/09\/IMG_3550-150x150.jpg\" class=\"attachment-thumbnail size-thumbnail\" alt=\"\" aria-describedby=\"gallery-1-2573\" data-attachment-id=\"2573\" data-permalink=\"https:\/\/blog.alrisha.at\/blog\/2016\/09\/28\/fuerteventura-die-duenen\/img_3550\/\" data-orig-file=\"https:\/\/blog.alrisha.at\/blog\/wp-content\/uploads\/2016\/09\/IMG_3550.jpg\" data-orig-size=\"640,428\" data-comments-opened=\"1\" data-image-meta=\"{&quot;aperture&quot;:&quot;8&quot;,&quot;credit&quot;:&quot;Brigitte Windbichler&quot;,&quot;camera&quot;:&quot;Canon EOS 6D&quot;,&quot;caption&quot;:&quot;&quot;,&quot;created_timestamp&quot;:&quot;1475061734&quot;,&quot;copyright&quot;:&quot;&quot;,&quot;focal_length&quot;:&quot;244&quot;,&quot;iso&quot;:&quot;100&quot;,&quot;shutter_speed&quot;:&quot;0.002&quot;,&quot;title&quot;:&quot;&quot;,&quot;orientation&quot;:&quot;0&quot;}\" data-image-title=\"img_3550\" data-image-description=\"\" data-image-caption=\"&lt;p&gt;Parque Natural de Corralejo&lt;\/p&gt;\n\" data-large-file=\"https:\/\/blog.alrisha.at\/blog\/wp-content\/uploads\/2016\/09\/IMG_3550.jpg\" \/><\/a>\n\t\t\t<\/dt>\n\t\t\t\t<dd class='wp-caption-text gallery-caption' id='gallery-1-2573'>\n\t\t\t\tParque Natural de Corralejo\n\t\t\t\t<\/dd><\/dl><br style=\"clear: both\" \/><dl class='gallery-item'>\n\t\t\t<dt class='gallery-icon landscape'>\n\t\t\t\t<a href='https:\/\/blog.alrisha.at\/blog\/2016\/09\/28\/fuerteventura-die-duenen\/img_3554\/'><img decoding=\"async\" width=\"150\" height=\"150\" src=\"https:\/\/blog.alrisha.at\/blog\/wp-content\/uploads\/2016\/09\/IMG_3554-150x150.jpg\" class=\"attachment-thumbnail size-thumbnail\" alt=\"\" aria-describedby=\"gallery-1-2574\" data-attachment-id=\"2574\" data-permalink=\"https:\/\/blog.alrisha.at\/blog\/2016\/09\/28\/fuerteventura-die-duenen\/img_3554\/\" data-orig-file=\"https:\/\/blog.alrisha.at\/blog\/wp-content\/uploads\/2016\/09\/IMG_3554.jpg\" data-orig-size=\"640,428\" data-comments-opened=\"1\" data-image-meta=\"{&quot;aperture&quot;:&quot;10&quot;,&quot;credit&quot;:&quot;Brigitte Windbichler&quot;,&quot;camera&quot;:&quot;Canon EOS 6D&quot;,&quot;caption&quot;:&quot;&quot;,&quot;created_timestamp&quot;:&quot;1475062230&quot;,&quot;copyright&quot;:&quot;&quot;,&quot;focal_length&quot;:&quot;45&quot;,&quot;iso&quot;:&quot;100&quot;,&quot;shutter_speed&quot;:&quot;0.004&quot;,&quot;title&quot;:&quot;&quot;,&quot;orientation&quot;:&quot;0&quot;}\" data-image-title=\"img_3554\" data-image-description=\"\" data-image-caption=\"&lt;p&gt;Parque Natural de Corralejo&lt;\/p&gt;\n\" data-large-file=\"https:\/\/blog.alrisha.at\/blog\/wp-content\/uploads\/2016\/09\/IMG_3554.jpg\" \/><\/a>\n\t\t\t<\/dt>\n\t\t\t\t<dd class='wp-caption-text gallery-caption' id='gallery-1-2574'>\n\t\t\t\tParque Natural de Corralejo\n\t\t\t\t<\/dd><\/dl><dl class='gallery-item'>\n\t\t\t<dt class='gallery-icon landscape'>\n\t\t\t\t<a href='https:\/\/blog.alrisha.at\/blog\/2016\/09\/28\/fuerteventura-die-duenen\/img_3558\/'><img decoding=\"async\" width=\"150\" height=\"150\" src=\"https:\/\/blog.alrisha.at\/blog\/wp-content\/uploads\/2016\/09\/IMG_3558-150x150.jpg\" class=\"attachment-thumbnail size-thumbnail\" alt=\"\" aria-describedby=\"gallery-1-2575\" data-attachment-id=\"2575\" data-permalink=\"https:\/\/blog.alrisha.at\/blog\/2016\/09\/28\/fuerteventura-die-duenen\/img_3558\/\" data-orig-file=\"https:\/\/blog.alrisha.at\/blog\/wp-content\/uploads\/2016\/09\/IMG_3558.jpg\" data-orig-size=\"640,428\" data-comments-opened=\"1\" data-image-meta=\"{&quot;aperture&quot;:&quot;11&quot;,&quot;credit&quot;:&quot;Brigitte Windbichler&quot;,&quot;camera&quot;:&quot;Canon EOS 6D&quot;,&quot;caption&quot;:&quot;&quot;,&quot;created_timestamp&quot;:&quot;1475062627&quot;,&quot;copyright&quot;:&quot;&quot;,&quot;focal_length&quot;:&quot;56&quot;,&quot;iso&quot;:&quot;100&quot;,&quot;shutter_speed&quot;:&quot;0.003125&quot;,&quot;title&quot;:&quot;&quot;,&quot;orientation&quot;:&quot;0&quot;}\" data-image-title=\"img_3558\" data-image-description=\"\" data-image-caption=\"&lt;p&gt;Parque Natural de Corralejo&lt;\/p&gt;\n\" data-large-file=\"https:\/\/blog.alrisha.at\/blog\/wp-content\/uploads\/2016\/09\/IMG_3558.jpg\" \/><\/a>\n\t\t\t<\/dt>\n\t\t\t\t<dd class='wp-caption-text gallery-caption' id='gallery-1-2575'>\n\t\t\t\tParque Natural de Corralejo\n\t\t\t\t<\/dd><\/dl><dl class='gallery-item'>\n\t\t\t<dt class='gallery-icon landscape'>\n\t\t\t\t<a href='https:\/\/blog.alrisha.at\/blog\/2016\/09\/28\/fuerteventura-die-duenen\/img_3561\/'><img decoding=\"async\" width=\"150\" height=\"150\" src=\"https:\/\/blog.alrisha.at\/blog\/wp-content\/uploads\/2016\/09\/IMG_3561-150x150.jpg\" class=\"attachment-thumbnail size-thumbnail\" alt=\"\" aria-describedby=\"gallery-1-2576\" data-attachment-id=\"2576\" data-permalink=\"https:\/\/blog.alrisha.at\/blog\/2016\/09\/28\/fuerteventura-die-duenen\/img_3561\/\" data-orig-file=\"https:\/\/blog.alrisha.at\/blog\/wp-content\/uploads\/2016\/09\/IMG_3561.jpg\" data-orig-size=\"640,428\" data-comments-opened=\"1\" data-image-meta=\"{&quot;aperture&quot;:&quot;10&quot;,&quot;credit&quot;:&quot;Brigitte Windbichler&quot;,&quot;camera&quot;:&quot;Canon EOS 6D&quot;,&quot;caption&quot;:&quot;&quot;,&quot;created_timestamp&quot;:&quot;1475062953&quot;,&quot;copyright&quot;:&quot;&quot;,&quot;focal_length&quot;:&quot;105&quot;,&quot;iso&quot;:&quot;100&quot;,&quot;shutter_speed&quot;:&quot;0.003125&quot;,&quot;title&quot;:&quot;&quot;,&quot;orientation&quot;:&quot;0&quot;}\" data-image-title=\"img_3561\" data-image-description=\"\" data-image-caption=\"&lt;p&gt;Parque Natural de Corralejo&lt;\/p&gt;\n\" data-large-file=\"https:\/\/blog.alrisha.at\/blog\/wp-content\/uploads\/2016\/09\/IMG_3561.jpg\" \/><\/a>\n\t\t\t<\/dt>\n\t\t\t\t<dd class='wp-caption-text gallery-caption' id='gallery-1-2576'>\n\t\t\t\tParque Natural de Corralejo\n\t\t\t\t<\/dd><\/dl><br style=\"clear: both\" \/><dl class='gallery-item'>\n\t\t\t<dt class='gallery-icon landscape'>\n\t\t\t\t<a href='https:\/\/blog.alrisha.at\/blog\/2016\/09\/28\/fuerteventura-die-duenen\/img_3578\/'><img decoding=\"async\" width=\"150\" height=\"150\" src=\"https:\/\/blog.alrisha.at\/blog\/wp-content\/uploads\/2016\/09\/IMG_3578-150x150.jpg\" class=\"attachment-thumbnail size-thumbnail\" alt=\"\" aria-describedby=\"gallery-1-2577\" data-attachment-id=\"2577\" data-permalink=\"https:\/\/blog.alrisha.at\/blog\/2016\/09\/28\/fuerteventura-die-duenen\/img_3578\/\" data-orig-file=\"https:\/\/blog.alrisha.at\/blog\/wp-content\/uploads\/2016\/09\/IMG_3578.jpg\" data-orig-size=\"640,428\" data-comments-opened=\"1\" data-image-meta=\"{&quot;aperture&quot;:&quot;10&quot;,&quot;credit&quot;:&quot;Brigitte Windbichler&quot;,&quot;camera&quot;:&quot;Canon EOS 6D&quot;,&quot;caption&quot;:&quot;&quot;,&quot;created_timestamp&quot;:&quot;1475063310&quot;,&quot;copyright&quot;:&quot;&quot;,&quot;focal_length&quot;:&quot;24&quot;,&quot;iso&quot;:&quot;100&quot;,&quot;shutter_speed&quot;:&quot;0.004&quot;,&quot;title&quot;:&quot;&quot;,&quot;orientation&quot;:&quot;0&quot;}\" data-image-title=\"img_3578\" data-image-description=\"\" data-image-caption=\"&lt;p&gt;Parque Natural de Corralejo&lt;\/p&gt;\n\" data-large-file=\"https:\/\/blog.alrisha.at\/blog\/wp-content\/uploads\/2016\/09\/IMG_3578.jpg\" \/><\/a>\n\t\t\t<\/dt>\n\t\t\t\t<dd class='wp-caption-text gallery-caption' id='gallery-1-2577'>\n\t\t\t\tParque Natural de Corralejo\n\t\t\t\t<\/dd><\/dl>\n\t\t\t<br style='clear: both' \/>\n\t\t<\/div>\n\n<p>Unsere Hauptattraktion ist eigentlich gleich um die Ecke \u2013 der Parque Natural de Corralejo. Durch die D\u00fcnenlandschaft geht eine Stra\u00dfe, die sie schon lange sperren wollen. Noch kurz bevor der Park 1982 zum Naturpark erhoben wurde, sind noch schnell zwei riesige Hotelkomplexe in die D\u00fcnenlandschaft gebaut worden \u2013 absolut h\u00e4sslich.<\/p>\n<p>In den D\u00fcnen leben auch Ziegen, so wie es auf der ganzen Insel immer wieder Ziegen zu sehen gibt. Meist sind sie aber hinter Z\u00e4unen, diese aber d\u00fcrften wilde Ziegen sein. Es scheint an ein Wunder zu grenzen, das die von so wenig \u00fcberleben k\u00f6nnen. Wir erklimmen die erste D\u00fcne und dann noch eine, um dann endlich am Meer zu sein. Heute ist am Strand eine rote Flagge, kein Baden erlaubt. Erstens ist die Brandung heute sehr stark und damit geht auch oft eine Str\u00f6mung einher. Zur\u00fcck beim Auto haben wir \u00fcberall Sand.<\/p>\n<p>Weiter geht es an der Ostk\u00fcste nach Puerto del Rosario. Erstens gef\u00e4llt uns die Hauptstadt nicht wirklich und zweitens finden wir keinen Parkplatz.<\/p>\n<div id=\"attachment_2578\" style=\"width: 310px\" class=\"wp-caption alignleft\"><a href=\"http:\/\/blog.alrisha.at\/blog\/wp-content\/uploads\/2016\/09\/IMG_3582.jpg\"><img decoding=\"async\" aria-describedby=\"caption-attachment-2578\" data-attachment-id=\"2578\" data-permalink=\"https:\/\/blog.alrisha.at\/blog\/2016\/09\/28\/fuerteventura-die-duenen\/img_3582\/\" data-orig-file=\"https:\/\/blog.alrisha.at\/blog\/wp-content\/uploads\/2016\/09\/IMG_3582.jpg\" data-orig-size=\"640,428\" data-comments-opened=\"1\" data-image-meta=\"{&quot;aperture&quot;:&quot;10&quot;,&quot;credit&quot;:&quot;Brigitte Windbichler&quot;,&quot;camera&quot;:&quot;Canon EOS 6D&quot;,&quot;caption&quot;:&quot;&quot;,&quot;created_timestamp&quot;:&quot;1475070147&quot;,&quot;copyright&quot;:&quot;&quot;,&quot;focal_length&quot;:&quot;24&quot;,&quot;iso&quot;:&quot;100&quot;,&quot;shutter_speed&quot;:&quot;0.004&quot;,&quot;title&quot;:&quot;&quot;,&quot;orientation&quot;:&quot;0&quot;}\" data-image-title=\"img_3582\" data-image-description=\"\" data-image-caption=\"&lt;p&gt;Caleta de Fuste&lt;\/p&gt;\n\" data-large-file=\"https:\/\/blog.alrisha.at\/blog\/wp-content\/uploads\/2016\/09\/IMG_3582.jpg\" class=\"size-medium wp-image-2578\" src=\"http:\/\/blog.alrisha.at\/blog\/wp-content\/uploads\/2016\/09\/IMG_3582-300x201.jpg\" alt=\"Caleta de Fuste\" width=\"300\" height=\"201\" srcset=\"https:\/\/blog.alrisha.at\/blog\/wp-content\/uploads\/2016\/09\/IMG_3582-300x201.jpg 300w, https:\/\/blog.alrisha.at\/blog\/wp-content\/uploads\/2016\/09\/IMG_3582-624x417.jpg 624w, https:\/\/blog.alrisha.at\/blog\/wp-content\/uploads\/2016\/09\/IMG_3582.jpg 640w\" sizes=\"(max-width: 300px) 100vw, 300px\" \/><\/a><p id=\"caption-attachment-2578\" class=\"wp-caption-text\">Caleta de Fuste<\/p><\/div>\n<p>Wir beschlie\u00dfen weiter der K\u00fcste entlang zu fahren und uns eine der Urlaubszentren anzusehen. Caleta de Fuste wird als eine der besseren Rei\u00dfbrett Urlaubszentren empfohlen. Das ist eine Stadt, die nur aus Badeg\u00e4sten besteht. Huch, das ist aber nicht wirklich was f\u00fcr uns. Im Hafen g\u00f6nnen wir uns einen Drink, na eigentlich war es nur ein Bier und ein Cola und d\u00fcrfen fast \u20ac7.- daf\u00fcr bezahlen.<\/p>\n<p>&nbsp;<\/p>\n<p>Uns treibt es weiter. Ferry will sich den Oasis Park im S\u00fcden der Insel ansehen. Als wir dort sind, ist es bereits 13:45 und der Eintritt pro Person betr\u00e4gt \u20ac 33.-, die Halbtageskarte um \u20ac 19.- ist erst um 15:00 g\u00fcltig. Um 18:00 schie\u00dft der Park.<\/p>\n<div id=\"attachment_2579\" style=\"width: 310px\" class=\"wp-caption alignright\"><a href=\"http:\/\/blog.alrisha.at\/blog\/wp-content\/uploads\/2016\/09\/IMG_3593.jpg\"><img decoding=\"async\" aria-describedby=\"caption-attachment-2579\" data-attachment-id=\"2579\" data-permalink=\"https:\/\/blog.alrisha.at\/blog\/2016\/09\/28\/fuerteventura-die-duenen\/img_3593\/\" data-orig-file=\"https:\/\/blog.alrisha.at\/blog\/wp-content\/uploads\/2016\/09\/IMG_3593.jpg\" data-orig-size=\"640,428\" data-comments-opened=\"1\" data-image-meta=\"{&quot;aperture&quot;:&quot;11&quot;,&quot;credit&quot;:&quot;Brigitte Windbichler&quot;,&quot;camera&quot;:&quot;Canon EOS 6D&quot;,&quot;caption&quot;:&quot;&quot;,&quot;created_timestamp&quot;:&quot;1475077524&quot;,&quot;copyright&quot;:&quot;&quot;,&quot;focal_length&quot;:&quot;59&quot;,&quot;iso&quot;:&quot;100&quot;,&quot;shutter_speed&quot;:&quot;0.004&quot;,&quot;title&quot;:&quot;&quot;,&quot;orientation&quot;:&quot;0&quot;}\" data-image-title=\"img_3593\" data-image-description=\"\" data-image-caption=\"\" data-large-file=\"https:\/\/blog.alrisha.at\/blog\/wp-content\/uploads\/2016\/09\/IMG_3593.jpg\" class=\"wp-image-2579 size-medium\" src=\"http:\/\/blog.alrisha.at\/blog\/wp-content\/uploads\/2016\/09\/IMG_3593-300x201.jpg\" alt=\"img_3593\" width=\"300\" height=\"201\" srcset=\"https:\/\/blog.alrisha.at\/blog\/wp-content\/uploads\/2016\/09\/IMG_3593-300x201.jpg 300w, https:\/\/blog.alrisha.at\/blog\/wp-content\/uploads\/2016\/09\/IMG_3593-624x417.jpg 624w, https:\/\/blog.alrisha.at\/blog\/wp-content\/uploads\/2016\/09\/IMG_3593.jpg 640w\" sizes=\"(max-width: 300px) 100vw, 300px\" \/><\/a><p id=\"caption-attachment-2579\" class=\"wp-caption-text\">Pozo Negro<\/p><\/div>\n<p>Somit geht es wieder nordw\u00e4rts. Wir besuchen Pozo Negro, einen Strand in der Ein\u00f6de mit schwarzen Steinen. Die Fahrt dorthin ist sch\u00f6n, hier k\u00f6nnen wir wieder viel Lava sehen. Das einzige Lokal ist sehr gut besucht und wir bestellen uns eine Fischsuppe und Muscheln. Beides ist hervorragend und auch die Preise passen.<\/p>\n<p>&nbsp;<\/p>\n<div id=\"attachment_2580\" style=\"width: 310px\" class=\"wp-caption alignleft\"><a href=\"http:\/\/blog.alrisha.at\/blog\/wp-content\/uploads\/2016\/09\/IMG_3594.jpg\"><img decoding=\"async\" aria-describedby=\"caption-attachment-2580\" data-attachment-id=\"2580\" data-permalink=\"https:\/\/blog.alrisha.at\/blog\/2016\/09\/28\/fuerteventura-die-duenen\/img_3594\/\" data-orig-file=\"https:\/\/blog.alrisha.at\/blog\/wp-content\/uploads\/2016\/09\/IMG_3594.jpg\" data-orig-size=\"640,428\" data-comments-opened=\"1\" data-image-meta=\"{&quot;aperture&quot;:&quot;9&quot;,&quot;credit&quot;:&quot;Brigitte Windbichler&quot;,&quot;camera&quot;:&quot;Canon EOS 6D&quot;,&quot;caption&quot;:&quot;&quot;,&quot;created_timestamp&quot;:&quot;1475077643&quot;,&quot;copyright&quot;:&quot;&quot;,&quot;focal_length&quot;:&quot;35&quot;,&quot;iso&quot;:&quot;100&quot;,&quot;shutter_speed&quot;:&quot;0.005&quot;,&quot;title&quot;:&quot;&quot;,&quot;orientation&quot;:&quot;0&quot;}\" data-image-title=\"img_3594\" data-image-description=\"\" data-image-caption=\"\" data-large-file=\"https:\/\/blog.alrisha.at\/blog\/wp-content\/uploads\/2016\/09\/IMG_3594.jpg\" class=\"wp-image-2580 size-medium\" src=\"http:\/\/blog.alrisha.at\/blog\/wp-content\/uploads\/2016\/09\/IMG_3594-300x201.jpg\" alt=\"img_3594\" width=\"300\" height=\"201\" srcset=\"https:\/\/blog.alrisha.at\/blog\/wp-content\/uploads\/2016\/09\/IMG_3594-300x201.jpg 300w, https:\/\/blog.alrisha.at\/blog\/wp-content\/uploads\/2016\/09\/IMG_3594-624x417.jpg 624w, https:\/\/blog.alrisha.at\/blog\/wp-content\/uploads\/2016\/09\/IMG_3594.jpg 640w\" sizes=\"(max-width: 300px) 100vw, 300px\" \/><\/a><p id=\"caption-attachment-2580\" class=\"wp-caption-text\">Pozo Negro<\/p><\/div>\n<p>&nbsp;<\/p>\n<p>&nbsp;<\/p>\n<p>\u00dcber Antigua wollen wir nach Tindaya, den heiligen Berg. Doch schnell noch ein Stopp beim \u201eMuseo del queso majorero\u201c das die n\u00e4mliche Ziege und deren K\u00e4seerzeugung den Besuchern n\u00e4herbringt. Nat\u00fcrlich darf die Fauna und Flora nicht fehlen, sowie die Entstehung der Inseln.<\/p>\n<p>&nbsp;<\/p>\n<div id=\"attachment_2582\" style=\"width: 310px\" class=\"wp-caption alignright\"><a href=\"http:\/\/blog.alrisha.at\/blog\/wp-content\/uploads\/2016\/09\/IMG_3611.jpg\"><img decoding=\"async\" aria-describedby=\"caption-attachment-2582\" data-attachment-id=\"2582\" data-permalink=\"https:\/\/blog.alrisha.at\/blog\/2016\/09\/28\/fuerteventura-die-duenen\/img_3611\/\" data-orig-file=\"https:\/\/blog.alrisha.at\/blog\/wp-content\/uploads\/2016\/09\/IMG_3611.jpg\" data-orig-size=\"640,428\" data-comments-opened=\"1\" data-image-meta=\"{&quot;aperture&quot;:&quot;10&quot;,&quot;credit&quot;:&quot;Brigitte Windbichler&quot;,&quot;camera&quot;:&quot;Canon EOS 6D&quot;,&quot;caption&quot;:&quot;&quot;,&quot;created_timestamp&quot;:&quot;1475085503&quot;,&quot;copyright&quot;:&quot;&quot;,&quot;focal_length&quot;:&quot;64&quot;,&quot;iso&quot;:&quot;100&quot;,&quot;shutter_speed&quot;:&quot;0.004&quot;,&quot;title&quot;:&quot;&quot;,&quot;orientation&quot;:&quot;0&quot;}\" data-image-title=\"img_3611\" data-image-description=\"\" data-image-caption=\"\" data-large-file=\"https:\/\/blog.alrisha.at\/blog\/wp-content\/uploads\/2016\/09\/IMG_3611.jpg\" class=\"wp-image-2582 size-medium\" src=\"http:\/\/blog.alrisha.at\/blog\/wp-content\/uploads\/2016\/09\/IMG_3611-300x201.jpg\" alt=\"img_3611\" width=\"300\" height=\"201\" srcset=\"https:\/\/blog.alrisha.at\/blog\/wp-content\/uploads\/2016\/09\/IMG_3611-300x201.jpg 300w, https:\/\/blog.alrisha.at\/blog\/wp-content\/uploads\/2016\/09\/IMG_3611-624x417.jpg 624w, https:\/\/blog.alrisha.at\/blog\/wp-content\/uploads\/2016\/09\/IMG_3611.jpg 640w\" sizes=\"(max-width: 300px) 100vw, 300px\" \/><\/a><p id=\"caption-attachment-2582\" class=\"wp-caption-text\">Museo del queso majorero<\/p><\/div>\n<p>Gefunden haben wir auch Tindaya &#8211; nur welcher Berg der \u201eheilige Berg\u201c sein soll, da sind wir uns nicht sicher.<\/p>\n<p>\u00dcber La Olivia geht es nach Hause, wir r\u00e4umen das Auto aus, geben es zur\u00fcck und g\u00f6nnen uns noch einmal den Asiaten (Sushi, Pekingente und Teppan satt) um \u20ac 12,50 p.P.<\/p>\n<p>&nbsp;<\/p>\n<div id=\"attachment_2583\" style=\"width: 211px\" class=\"wp-caption alignleft\"><a href=\"http:\/\/blog.alrisha.at\/blog\/wp-content\/uploads\/2016\/09\/IMG_3624.jpg\"><img decoding=\"async\" aria-describedby=\"caption-attachment-2583\" data-attachment-id=\"2583\" data-permalink=\"https:\/\/blog.alrisha.at\/blog\/2016\/09\/28\/fuerteventura-die-duenen\/img_3624\/\" data-orig-file=\"https:\/\/blog.alrisha.at\/blog\/wp-content\/uploads\/2016\/09\/IMG_3624.jpg\" data-orig-size=\"428,640\" data-comments-opened=\"1\" data-image-meta=\"{&quot;aperture&quot;:&quot;11&quot;,&quot;credit&quot;:&quot;Brigitte Windbichler&quot;,&quot;camera&quot;:&quot;Canon EOS 6D&quot;,&quot;caption&quot;:&quot;&quot;,&quot;created_timestamp&quot;:&quot;1475085956&quot;,&quot;copyright&quot;:&quot;&quot;,&quot;focal_length&quot;:&quot;24&quot;,&quot;iso&quot;:&quot;100&quot;,&quot;shutter_speed&quot;:&quot;0.004&quot;,&quot;title&quot;:&quot;&quot;,&quot;orientation&quot;:&quot;0&quot;}\" data-image-title=\"img_3624\" data-image-description=\"\" data-image-caption=\"\" data-large-file=\"https:\/\/blog.alrisha.at\/blog\/wp-content\/uploads\/2016\/09\/IMG_3624.jpg\" class=\"wp-image-2583 size-medium\" src=\"http:\/\/blog.alrisha.at\/blog\/wp-content\/uploads\/2016\/09\/IMG_3624-201x300.jpg\" alt=\"img_3624\" width=\"201\" height=\"300\" srcset=\"https:\/\/blog.alrisha.at\/blog\/wp-content\/uploads\/2016\/09\/IMG_3624-201x300.jpg 201w, https:\/\/blog.alrisha.at\/blog\/wp-content\/uploads\/2016\/09\/IMG_3624.jpg 428w\" sizes=\"(max-width: 201px) 100vw, 201px\" \/><\/a><p id=\"caption-attachment-2583\" class=\"wp-caption-text\">Museo del queso majorero<\/p><\/div>\n<p>&nbsp;<\/p>\n<p>Am Nachbartisch sitzen Italiener aus Rom, deren Sohn hier verheiratet ist und wir kommen ins Gespr\u00e4ch. Trotz 7 Jahre Aquileia ist unser italienisch, nun ja \u2013 mangelhaft, aber die Konversation l\u00e4uft hervorragend in Englisch.<\/p>\n<p>Fuerteventura hat uns sehr gut gefallen, aber, wenn wir entscheiden m\u00fcssten, w\u00fcrden wir Lanzarote und vor allem La Gaciosa f\u00fcr einen l\u00e4ngeren Aufenthalt vorziehen. Wir sind nicht so sehr die Strandlieger &#8211; wir wollen erkunden, die Natur entdecken, nat\u00fcrlich gewachsene Orte sehen.<\/p>\n<p>&nbsp;<\/p>\n<p>&nbsp;<\/p>\n<div id=\"attachment_2581\" style=\"width: 310px\" class=\"wp-caption alignright\"><a href=\"http:\/\/blog.alrisha.at\/blog\/wp-content\/uploads\/2016\/09\/IMG_3600.jpg\"><img decoding=\"async\" aria-describedby=\"caption-attachment-2581\" data-attachment-id=\"2581\" data-permalink=\"https:\/\/blog.alrisha.at\/blog\/2016\/09\/28\/fuerteventura-die-duenen\/img_3600\/\" data-orig-file=\"https:\/\/blog.alrisha.at\/blog\/wp-content\/uploads\/2016\/09\/IMG_3600.jpg\" data-orig-size=\"640,428\" data-comments-opened=\"1\" data-image-meta=\"{&quot;aperture&quot;:&quot;11&quot;,&quot;credit&quot;:&quot;Brigitte Windbichler&quot;,&quot;camera&quot;:&quot;Canon EOS 6D&quot;,&quot;caption&quot;:&quot;&quot;,&quot;created_timestamp&quot;:&quot;1475083190&quot;,&quot;copyright&quot;:&quot;&quot;,&quot;focal_length&quot;:&quot;24&quot;,&quot;iso&quot;:&quot;100&quot;,&quot;shutter_speed&quot;:&quot;0.003125&quot;,&quot;title&quot;:&quot;&quot;,&quot;orientation&quot;:&quot;0&quot;}\" data-image-title=\"img_3600\" data-image-description=\"\" data-image-caption=\"\" data-large-file=\"https:\/\/blog.alrisha.at\/blog\/wp-content\/uploads\/2016\/09\/IMG_3600.jpg\" class=\"wp-image-2581 size-medium\" src=\"http:\/\/blog.alrisha.at\/blog\/wp-content\/uploads\/2016\/09\/IMG_3600-300x201.jpg\" alt=\"img_3600\" width=\"300\" height=\"201\" srcset=\"https:\/\/blog.alrisha.at\/blog\/wp-content\/uploads\/2016\/09\/IMG_3600-300x201.jpg 300w, https:\/\/blog.alrisha.at\/blog\/wp-content\/uploads\/2016\/09\/IMG_3600-624x417.jpg 624w, https:\/\/blog.alrisha.at\/blog\/wp-content\/uploads\/2016\/09\/IMG_3600.jpg 640w\" sizes=\"(max-width: 300px) 100vw, 300px\" \/><\/a><p id=\"caption-attachment-2581\" class=\"wp-caption-text\">Museo del queso majorero<\/p><\/div>\n<p>Der Tourismus scheint uns hier in Fuerteventura noch mehr im Vordergrund zu stehen als auf den beiden vorher besuchten Inseln. Nun, hier wird wirklich etwas geboten \u2013 f\u00fcr Windsurfen, Kite-Surfen, Wellenreiten, Tennis, Golf, Hochseefischen, Unterhaltung und Restauration aller Art.<\/p>\n<p>&nbsp;<\/p>\n<p>&nbsp;<\/p>\n<div id=\"attachment_2585\" style=\"width: 310px\" class=\"wp-caption alignleft\"><a href=\"http:\/\/blog.alrisha.at\/blog\/wp-content\/uploads\/2016\/09\/IMG_3628.jpg\"><img decoding=\"async\" aria-describedby=\"caption-attachment-2585\" data-attachment-id=\"2585\" data-permalink=\"https:\/\/blog.alrisha.at\/blog\/2016\/09\/28\/fuerteventura-die-duenen\/img_3628\/\" data-orig-file=\"https:\/\/blog.alrisha.at\/blog\/wp-content\/uploads\/2016\/09\/IMG_3628.jpg\" data-orig-size=\"640,428\" data-comments-opened=\"1\" data-image-meta=\"{&quot;aperture&quot;:&quot;9&quot;,&quot;credit&quot;:&quot;Brigitte Windbichler&quot;,&quot;camera&quot;:&quot;Canon EOS 6D&quot;,&quot;caption&quot;:&quot;&quot;,&quot;created_timestamp&quot;:&quot;1475148114&quot;,&quot;copyright&quot;:&quot;&quot;,&quot;focal_length&quot;:&quot;46&quot;,&quot;iso&quot;:&quot;100&quot;,&quot;shutter_speed&quot;:&quot;0.005&quot;,&quot;title&quot;:&quot;&quot;,&quot;orientation&quot;:&quot;0&quot;}\" data-image-title=\"img_3628\" data-image-description=\"\" data-image-caption=\"&lt;p&gt;unser Ausflug&lt;\/p&gt;\n\" data-large-file=\"https:\/\/blog.alrisha.at\/blog\/wp-content\/uploads\/2016\/09\/IMG_3628.jpg\" class=\"size-medium wp-image-2585\" src=\"http:\/\/blog.alrisha.at\/blog\/wp-content\/uploads\/2016\/09\/IMG_3628-300x201.jpg\" alt=\"unser Ausflug\" width=\"300\" height=\"201\" srcset=\"https:\/\/blog.alrisha.at\/blog\/wp-content\/uploads\/2016\/09\/IMG_3628-300x201.jpg 300w, https:\/\/blog.alrisha.at\/blog\/wp-content\/uploads\/2016\/09\/IMG_3628-624x417.jpg 624w, https:\/\/blog.alrisha.at\/blog\/wp-content\/uploads\/2016\/09\/IMG_3628.jpg 640w\" sizes=\"(max-width: 300px) 100vw, 300px\" \/><\/a><p id=\"caption-attachment-2585\" class=\"wp-caption-text\">unser Ausflug<\/p><\/div>\n<p>&nbsp;<\/p>\n<p>&nbsp;<\/p>\n<p>Chapeau!<\/p>\n","protected":false},"excerpt":{"rendered":"<p>Unsere Hauptattraktion ist eigentlich gleich um die Ecke \u2013 der Parque Natural de Corralejo. Durch die D\u00fcnenlandschaft geht eine Stra\u00dfe, die sie schon lange sperren wollen. Noch kurz bevor der Park 1982 zum Naturpark erhoben wurde, sind noch schnell zwei riesige Hotelkomplexe in die D\u00fcnenlandschaft gebaut worden \u2013 absolut h\u00e4sslich. In den D\u00fcnen leben auch [&hellip;]<\/p>\n","protected":false},"author":2,"featured_media":0,"comment_status":"open","ping_status":"open","sticky":false,"template":"","format":"standard","meta":{"_crdt_document":"","jetpack_post_was_ever_published":false,"_jetpack_newsletter_access":"","_jetpack_dont_email_post_to_subs":true,"_jetpack_newsletter_tier_id":0,"_jetpack_memberships_contains_paywalled_content":false,"_jetpack_memberships_contains_paid_content":false,"footnotes":"","jetpack_publicize_message":"","jetpack_publicize_feature_enabled":true,"jetpack_social_post_already_shared":true,"jetpack_social_options":{"image_generator_settings":{"template":"highway","default_image_id":0,"font":"","enabled":false},"version":2}},"categories":[60,28,17,22],"tags":[],"class_list":["post-2570","post","type-post","status-publish","format-standard","hentry","category-fuerteventura","category-kanaren","category-reise","category-spanien"],"yoast_head":"<!-- This site is optimized with the Yoast SEO plugin v27.4 - https:\/\/yoast.com\/product\/yoast-seo-wordpress\/ -->\n<title>Fuerteventura \u2013 die D\u00fcnen - Alrisha&#039;s Blog<\/title>\n<meta name=\"robots\" content=\"index, follow, max-snippet:-1, max-image-preview:large, max-video-preview:-1\" \/>\n<link rel=\"canonical\" href=\"https:\/\/blog.alrisha.at\/blog\/2016\/09\/28\/fuerteventura-die-duenen\/\" \/>\n<meta property=\"og:locale\" content=\"de_DE\" \/>\n<meta property=\"og:type\" content=\"article\" \/>\n<meta property=\"og:title\" content=\"Fuerteventura \u2013 die D\u00fcnen - Alrisha&#039;s Blog\" \/>\n<meta property=\"og:description\" content=\"Unsere Hauptattraktion ist eigentlich gleich um die Ecke \u2013 der Parque Natural de Corralejo. Durch die D\u00fcnenlandschaft geht eine Stra\u00dfe, die sie schon lange sperren wollen. Noch kurz bevor der Park 1982 zum Naturpark erhoben wurde, sind noch schnell zwei riesige Hotelkomplexe in die D\u00fcnenlandschaft gebaut worden \u2013 absolut h\u00e4sslich. In den D\u00fcnen leben auch [&hellip;]\" \/>\n<meta property=\"og:url\" content=\"https:\/\/blog.alrisha.at\/blog\/2016\/09\/28\/fuerteventura-die-duenen\/\" \/>\n<meta property=\"og:site_name\" content=\"Alrisha&#039;s Blog\" \/>\n<meta property=\"article:published_time\" content=\"2016-09-28T18:35:26+00:00\" \/>\n<meta property=\"article:modified_time\" content=\"2017-10-15T20:13:30+00:00\" \/>\n<meta property=\"og:image\" content=\"https:\/\/blog.alrisha.at\/blog\/wp-content\/uploads\/2016\/09\/IMG_3548-150x150.jpg\" \/>\n<meta name=\"author\" content=\"Brigitte\" \/>\n<meta name=\"twitter:card\" content=\"summary_large_image\" \/>\n<meta name=\"twitter:label1\" content=\"Verfasst von\" \/>\n\t<meta name=\"twitter:data1\" content=\"Brigitte\" \/>\n\t<meta name=\"twitter:label2\" content=\"Gesch\u00e4tzte Lesezeit\" \/>\n\t<meta name=\"twitter:data2\" content=\"3\u00a0Minuten\" \/>\n<script type=\"application\/ld+json\" class=\"yoast-schema-graph\">{\"@context\":\"https:\\\/\\\/schema.org\",\"@graph\":[{\"@type\":\"Article\",\"@id\":\"https:\\\/\\\/blog.alrisha.at\\\/blog\\\/2016\\\/09\\\/28\\\/fuerteventura-die-duenen\\\/#article\",\"isPartOf\":{\"@id\":\"https:\\\/\\\/blog.alrisha.at\\\/blog\\\/2016\\\/09\\\/28\\\/fuerteventura-die-duenen\\\/\"},\"author\":{\"name\":\"Brigitte\",\"@id\":\"https:\\\/\\\/blog.alrisha.at\\\/blog\\\/#\\\/schema\\\/person\\\/f54bae4e8d4958583c4693a9a7bd9a44\"},\"headline\":\"Fuerteventura \u2013 die D\u00fcnen\",\"datePublished\":\"2016-09-28T18:35:26+00:00\",\"dateModified\":\"2017-10-15T20:13:30+00:00\",\"mainEntityOfPage\":{\"@id\":\"https:\\\/\\\/blog.alrisha.at\\\/blog\\\/2016\\\/09\\\/28\\\/fuerteventura-die-duenen\\\/\"},\"wordCount\":660,\"commentCount\":0,\"publisher\":{\"@id\":\"https:\\\/\\\/blog.alrisha.at\\\/blog\\\/#\\\/schema\\\/person\\\/a14f9bb0600b855612099346642e6222\"},\"image\":{\"@id\":\"https:\\\/\\\/blog.alrisha.at\\\/blog\\\/2016\\\/09\\\/28\\\/fuerteventura-die-duenen\\\/#primaryimage\"},\"thumbnailUrl\":\"http:\\\/\\\/blog.alrisha.at\\\/blog\\\/wp-content\\\/uploads\\\/2016\\\/09\\\/IMG_3582-300x201.jpg\",\"articleSection\":[\"Fuerteventura\",\"Kanaren\",\"Reise\",\"Spanien\"],\"inLanguage\":\"de\",\"potentialAction\":[{\"@type\":\"CommentAction\",\"name\":\"Comment\",\"target\":[\"https:\\\/\\\/blog.alrisha.at\\\/blog\\\/2016\\\/09\\\/28\\\/fuerteventura-die-duenen\\\/#respond\"]}]},{\"@type\":\"WebPage\",\"@id\":\"https:\\\/\\\/blog.alrisha.at\\\/blog\\\/2016\\\/09\\\/28\\\/fuerteventura-die-duenen\\\/\",\"url\":\"https:\\\/\\\/blog.alrisha.at\\\/blog\\\/2016\\\/09\\\/28\\\/fuerteventura-die-duenen\\\/\",\"name\":\"Fuerteventura \u2013 die D\u00fcnen - Alrisha&#039;s Blog\",\"isPartOf\":{\"@id\":\"https:\\\/\\\/blog.alrisha.at\\\/blog\\\/#website\"},\"primaryImageOfPage\":{\"@id\":\"https:\\\/\\\/blog.alrisha.at\\\/blog\\\/2016\\\/09\\\/28\\\/fuerteventura-die-duenen\\\/#primaryimage\"},\"image\":{\"@id\":\"https:\\\/\\\/blog.alrisha.at\\\/blog\\\/2016\\\/09\\\/28\\\/fuerteventura-die-duenen\\\/#primaryimage\"},\"thumbnailUrl\":\"http:\\\/\\\/blog.alrisha.at\\\/blog\\\/wp-content\\\/uploads\\\/2016\\\/09\\\/IMG_3582-300x201.jpg\",\"datePublished\":\"2016-09-28T18:35:26+00:00\",\"dateModified\":\"2017-10-15T20:13:30+00:00\",\"breadcrumb\":{\"@id\":\"https:\\\/\\\/blog.alrisha.at\\\/blog\\\/2016\\\/09\\\/28\\\/fuerteventura-die-duenen\\\/#breadcrumb\"},\"inLanguage\":\"de\",\"potentialAction\":[{\"@type\":\"ReadAction\",\"target\":[\"https:\\\/\\\/blog.alrisha.at\\\/blog\\\/2016\\\/09\\\/28\\\/fuerteventura-die-duenen\\\/\"]}]},{\"@type\":\"ImageObject\",\"inLanguage\":\"de\",\"@id\":\"https:\\\/\\\/blog.alrisha.at\\\/blog\\\/2016\\\/09\\\/28\\\/fuerteventura-die-duenen\\\/#primaryimage\",\"url\":\"https:\\\/\\\/blog.alrisha.at\\\/blog\\\/wp-content\\\/uploads\\\/2016\\\/09\\\/IMG_3582.jpg\",\"contentUrl\":\"https:\\\/\\\/blog.alrisha.at\\\/blog\\\/wp-content\\\/uploads\\\/2016\\\/09\\\/IMG_3582.jpg\",\"width\":640,\"height\":428,\"caption\":\"Caleta de Fuste\"},{\"@type\":\"BreadcrumbList\",\"@id\":\"https:\\\/\\\/blog.alrisha.at\\\/blog\\\/2016\\\/09\\\/28\\\/fuerteventura-die-duenen\\\/#breadcrumb\",\"itemListElement\":[{\"@type\":\"ListItem\",\"position\":1,\"name\":\"Startseite\",\"item\":\"https:\\\/\\\/blog.alrisha.at\\\/blog\\\/\"},{\"@type\":\"ListItem\",\"position\":2,\"name\":\"Fuerteventura \u2013 die D\u00fcnen\"}]},{\"@type\":\"WebSite\",\"@id\":\"https:\\\/\\\/blog.alrisha.at\\\/blog\\\/#website\",\"url\":\"https:\\\/\\\/blog.alrisha.at\\\/blog\\\/\",\"name\":\"Alrisha's Blog\",\"description\":\"Segeln und Reisen mit einer Alubat OVNI 435\",\"publisher\":{\"@id\":\"https:\\\/\\\/blog.alrisha.at\\\/blog\\\/#\\\/schema\\\/person\\\/a14f9bb0600b855612099346642e6222\"},\"potentialAction\":[{\"@type\":\"SearchAction\",\"target\":{\"@type\":\"EntryPoint\",\"urlTemplate\":\"https:\\\/\\\/blog.alrisha.at\\\/blog\\\/?s={search_term_string}\"},\"query-input\":{\"@type\":\"PropertyValueSpecification\",\"valueRequired\":true,\"valueName\":\"search_term_string\"}}],\"inLanguage\":\"de\"},{\"@type\":[\"Person\",\"Organization\"],\"@id\":\"https:\\\/\\\/blog.alrisha.at\\\/blog\\\/#\\\/schema\\\/person\\\/a14f9bb0600b855612099346642e6222\",\"name\":\"Alrisha Ovni 435\",\"image\":{\"@type\":\"ImageObject\",\"inLanguage\":\"de\",\"@id\":\"https:\\\/\\\/secure.gravatar.com\\\/avatar\\\/b43cfbd3974a76ff88ad31f91f8efe03248d98ea8ffe2a1195b7017a18d6feda?s=96&d=mm&r=r\",\"url\":\"https:\\\/\\\/secure.gravatar.com\\\/avatar\\\/b43cfbd3974a76ff88ad31f91f8efe03248d98ea8ffe2a1195b7017a18d6feda?s=96&d=mm&r=r\",\"contentUrl\":\"https:\\\/\\\/secure.gravatar.com\\\/avatar\\\/b43cfbd3974a76ff88ad31f91f8efe03248d98ea8ffe2a1195b7017a18d6feda?s=96&d=mm&r=r\",\"caption\":\"Alrisha Ovni 435\"},\"logo\":{\"@id\":\"https:\\\/\\\/secure.gravatar.com\\\/avatar\\\/b43cfbd3974a76ff88ad31f91f8efe03248d98ea8ffe2a1195b7017a18d6feda?s=96&d=mm&r=r\"},\"sameAs\":[\"https:\\\/\\\/www.alrisha.at\"]},{\"@type\":\"Person\",\"@id\":\"https:\\\/\\\/blog.alrisha.at\\\/blog\\\/#\\\/schema\\\/person\\\/f54bae4e8d4958583c4693a9a7bd9a44\",\"name\":\"Brigitte\",\"image\":{\"@type\":\"ImageObject\",\"inLanguage\":\"de\",\"@id\":\"https:\\\/\\\/secure.gravatar.com\\\/avatar\\\/503d73eb1d2368d31085a18c938d65c0eeca5b245484231b205f66d7793b85cb?s=96&d=mm&r=r\",\"url\":\"https:\\\/\\\/secure.gravatar.com\\\/avatar\\\/503d73eb1d2368d31085a18c938d65c0eeca5b245484231b205f66d7793b85cb?s=96&d=mm&r=r\",\"contentUrl\":\"https:\\\/\\\/secure.gravatar.com\\\/avatar\\\/503d73eb1d2368d31085a18c938d65c0eeca5b245484231b205f66d7793b85cb?s=96&d=mm&r=r\",\"caption\":\"Brigitte\"},\"url\":\"https:\\\/\\\/blog.alrisha.at\\\/blog\\\/author\\\/brigitte\\\/\"}]}<\/script>\n<!-- \/ Yoast SEO plugin. -->","yoast_head_json":{"title":"Fuerteventura \u2013 die D\u00fcnen - Alrisha&#039;s Blog","robots":{"index":"index","follow":"follow","max-snippet":"max-snippet:-1","max-image-preview":"max-image-preview:large","max-video-preview":"max-video-preview:-1"},"canonical":"https:\/\/blog.alrisha.at\/blog\/2016\/09\/28\/fuerteventura-die-duenen\/","og_locale":"de_DE","og_type":"article","og_title":"Fuerteventura \u2013 die D\u00fcnen - Alrisha&#039;s Blog","og_description":"Unsere Hauptattraktion ist eigentlich gleich um die Ecke \u2013 der Parque Natural de Corralejo. Durch die D\u00fcnenlandschaft geht eine Stra\u00dfe, die sie schon lange sperren wollen. Noch kurz bevor der Park 1982 zum Naturpark erhoben wurde, sind noch schnell zwei riesige Hotelkomplexe in die D\u00fcnenlandschaft gebaut worden \u2013 absolut h\u00e4sslich. In den D\u00fcnen leben auch [&hellip;]","og_url":"https:\/\/blog.alrisha.at\/blog\/2016\/09\/28\/fuerteventura-die-duenen\/","og_site_name":"Alrisha&#039;s Blog","article_published_time":"2016-09-28T18:35:26+00:00","article_modified_time":"2017-10-15T20:13:30+00:00","og_image":[{"url":"https:\/\/blog.alrisha.at\/blog\/wp-content\/uploads\/2016\/09\/IMG_3548-150x150.jpg","type":"","width":"","height":""}],"author":"Brigitte","twitter_card":"summary_large_image","twitter_misc":{"Verfasst von":"Brigitte","Gesch\u00e4tzte Lesezeit":"3\u00a0Minuten"},"schema":{"@context":"https:\/\/schema.org","@graph":[{"@type":"Article","@id":"https:\/\/blog.alrisha.at\/blog\/2016\/09\/28\/fuerteventura-die-duenen\/#article","isPartOf":{"@id":"https:\/\/blog.alrisha.at\/blog\/2016\/09\/28\/fuerteventura-die-duenen\/"},"author":{"name":"Brigitte","@id":"https:\/\/blog.alrisha.at\/blog\/#\/schema\/person\/f54bae4e8d4958583c4693a9a7bd9a44"},"headline":"Fuerteventura \u2013 die D\u00fcnen","datePublished":"2016-09-28T18:35:26+00:00","dateModified":"2017-10-15T20:13:30+00:00","mainEntityOfPage":{"@id":"https:\/\/blog.alrisha.at\/blog\/2016\/09\/28\/fuerteventura-die-duenen\/"},"wordCount":660,"commentCount":0,"publisher":{"@id":"https:\/\/blog.alrisha.at\/blog\/#\/schema\/person\/a14f9bb0600b855612099346642e6222"},"image":{"@id":"https:\/\/blog.alrisha.at\/blog\/2016\/09\/28\/fuerteventura-die-duenen\/#primaryimage"},"thumbnailUrl":"http:\/\/blog.alrisha.at\/blog\/wp-content\/uploads\/2016\/09\/IMG_3582-300x201.jpg","articleSection":["Fuerteventura","Kanaren","Reise","Spanien"],"inLanguage":"de","potentialAction":[{"@type":"CommentAction","name":"Comment","target":["https:\/\/blog.alrisha.at\/blog\/2016\/09\/28\/fuerteventura-die-duenen\/#respond"]}]},{"@type":"WebPage","@id":"https:\/\/blog.alrisha.at\/blog\/2016\/09\/28\/fuerteventura-die-duenen\/","url":"https:\/\/blog.alrisha.at\/blog\/2016\/09\/28\/fuerteventura-die-duenen\/","name":"Fuerteventura \u2013 die D\u00fcnen - Alrisha&#039;s Blog","isPartOf":{"@id":"https:\/\/blog.alrisha.at\/blog\/#website"},"primaryImageOfPage":{"@id":"https:\/\/blog.alrisha.at\/blog\/2016\/09\/28\/fuerteventura-die-duenen\/#primaryimage"},"image":{"@id":"https:\/\/blog.alrisha.at\/blog\/2016\/09\/28\/fuerteventura-die-duenen\/#primaryimage"},"thumbnailUrl":"http:\/\/blog.alrisha.at\/blog\/wp-content\/uploads\/2016\/09\/IMG_3582-300x201.jpg","datePublished":"2016-09-28T18:35:26+00:00","dateModified":"2017-10-15T20:13:30+00:00","breadcrumb":{"@id":"https:\/\/blog.alrisha.at\/blog\/2016\/09\/28\/fuerteventura-die-duenen\/#breadcrumb"},"inLanguage":"de","potentialAction":[{"@type":"ReadAction","target":["https:\/\/blog.alrisha.at\/blog\/2016\/09\/28\/fuerteventura-die-duenen\/"]}]},{"@type":"ImageObject","inLanguage":"de","@id":"https:\/\/blog.alrisha.at\/blog\/2016\/09\/28\/fuerteventura-die-duenen\/#primaryimage","url":"https:\/\/blog.alrisha.at\/blog\/wp-content\/uploads\/2016\/09\/IMG_3582.jpg","contentUrl":"https:\/\/blog.alrisha.at\/blog\/wp-content\/uploads\/2016\/09\/IMG_3582.jpg","width":640,"height":428,"caption":"Caleta de Fuste"},{"@type":"BreadcrumbList","@id":"https:\/\/blog.alrisha.at\/blog\/2016\/09\/28\/fuerteventura-die-duenen\/#breadcrumb","itemListElement":[{"@type":"ListItem","position":1,"name":"Startseite","item":"https:\/\/blog.alrisha.at\/blog\/"},{"@type":"ListItem","position":2,"name":"Fuerteventura \u2013 die D\u00fcnen"}]},{"@type":"WebSite","@id":"https:\/\/blog.alrisha.at\/blog\/#website","url":"https:\/\/blog.alrisha.at\/blog\/","name":"Alrisha's Blog","description":"Segeln und Reisen mit einer Alubat OVNI 435","publisher":{"@id":"https:\/\/blog.alrisha.at\/blog\/#\/schema\/person\/a14f9bb0600b855612099346642e6222"},"potentialAction":[{"@type":"SearchAction","target":{"@type":"EntryPoint","urlTemplate":"https:\/\/blog.alrisha.at\/blog\/?s={search_term_string}"},"query-input":{"@type":"PropertyValueSpecification","valueRequired":true,"valueName":"search_term_string"}}],"inLanguage":"de"},{"@type":["Person","Organization"],"@id":"https:\/\/blog.alrisha.at\/blog\/#\/schema\/person\/a14f9bb0600b855612099346642e6222","name":"Alrisha Ovni 435","image":{"@type":"ImageObject","inLanguage":"de","@id":"https:\/\/secure.gravatar.com\/avatar\/b43cfbd3974a76ff88ad31f91f8efe03248d98ea8ffe2a1195b7017a18d6feda?s=96&d=mm&r=r","url":"https:\/\/secure.gravatar.com\/avatar\/b43cfbd3974a76ff88ad31f91f8efe03248d98ea8ffe2a1195b7017a18d6feda?s=96&d=mm&r=r","contentUrl":"https:\/\/secure.gravatar.com\/avatar\/b43cfbd3974a76ff88ad31f91f8efe03248d98ea8ffe2a1195b7017a18d6feda?s=96&d=mm&r=r","caption":"Alrisha Ovni 435"},"logo":{"@id":"https:\/\/secure.gravatar.com\/avatar\/b43cfbd3974a76ff88ad31f91f8efe03248d98ea8ffe2a1195b7017a18d6feda?s=96&d=mm&r=r"},"sameAs":["https:\/\/www.alrisha.at"]},{"@type":"Person","@id":"https:\/\/blog.alrisha.at\/blog\/#\/schema\/person\/f54bae4e8d4958583c4693a9a7bd9a44","name":"Brigitte","image":{"@type":"ImageObject","inLanguage":"de","@id":"https:\/\/secure.gravatar.com\/avatar\/503d73eb1d2368d31085a18c938d65c0eeca5b245484231b205f66d7793b85cb?s=96&d=mm&r=r","url":"https:\/\/secure.gravatar.com\/avatar\/503d73eb1d2368d31085a18c938d65c0eeca5b245484231b205f66d7793b85cb?s=96&d=mm&r=r","contentUrl":"https:\/\/secure.gravatar.com\/avatar\/503d73eb1d2368d31085a18c938d65c0eeca5b245484231b205f66d7793b85cb?s=96&d=mm&r=r","caption":"Brigitte"},"url":"https:\/\/blog.alrisha.at\/blog\/author\/brigitte\/"}]}},"jetpack_publicize_connections":[],"jetpack_featured_media_url":"","jetpack_shortlink":"https:\/\/wp.me\/p5ztay-Fs","jetpack_sharing_enabled":true,"_links":{"self":[{"href":"https:\/\/blog.alrisha.at\/blog\/wp-json\/wp\/v2\/posts\/2570","targetHints":{"allow":["GET"]}}],"collection":[{"href":"https:\/\/blog.alrisha.at\/blog\/wp-json\/wp\/v2\/posts"}],"about":[{"href":"https:\/\/blog.alrisha.at\/blog\/wp-json\/wp\/v2\/types\/post"}],"author":[{"embeddable":true,"href":"https:\/\/blog.alrisha.at\/blog\/wp-json\/wp\/v2\/users\/2"}],"replies":[{"embeddable":true,"href":"https:\/\/blog.alrisha.at\/blog\/wp-json\/wp\/v2\/comments?post=2570"}],"version-history":[{"count":0,"href":"https:\/\/blog.alrisha.at\/blog\/wp-json\/wp\/v2\/posts\/2570\/revisions"}],"wp:attachment":[{"href":"https:\/\/blog.alrisha.at\/blog\/wp-json\/wp\/v2\/media?parent=2570"}],"wp:term":[{"taxonomy":"category","embeddable":true,"href":"https:\/\/blog.alrisha.at\/blog\/wp-json\/wp\/v2\/categories?post=2570"},{"taxonomy":"post_tag","embeddable":true,"href":"https:\/\/blog.alrisha.at\/blog\/wp-json\/wp\/v2\/tags?post=2570"}],"curies":[{"name":"wp","href":"https:\/\/api.w.org\/{rel}","templated":true}]}}